{"id":3959,"date":"2022-10-03T19:45:37","date_gmt":"2022-10-03T22:45:37","guid":{"rendered":"https:\/\/oinsurance.com.br\/?p=3959"},"modified":"2022-10-03T19:48:42","modified_gmt":"2022-10-03T22:48:42","slug":"outubro-rosa-como-as-empresas-podem-lidar-com-o-assunto-no-ambiente-corporativo","status":"publish","type":"post","link":"https:\/\/oinsurance.com.br\/blog\/outubro-rosa-como-as-empresas-podem-lidar-com-o-assunto-no-ambiente-corporativo\/","title":{"rendered":"Outubro Rosa: Como as empresas podem lidar com o assunto no ambiente corporativo?"},"content":{"rendered":"\t\t<div data-elementor-type=\"wp-post\" data-elementor-id=\"3959\" class=\"elementor elementor-3959\">\n\t\t\t\t\t\t<div class=\"elementor-inner\">\n\t\t\t\t<div class=\"elementor-section-wrap\">\n\t\t\t\t\t\t\t\t\t<section class=\"elementor-section elementor-top-section elementor-element elementor-element-31864524 elementor-section-boxed ang-section-padding-initial elementor-section-height-default elementor-section-height-default elementor-repeater-item-none elementor-repeater-item-none_hover\" data-id=\"31864524\" data-element_type=\"section\">\n\t\t\t\t\t\t<div class=\"elementor-container elementor-column-gap-default\">\n\t\t\t\t\t\t\t<div class=\"elementor-row\">\n\t\t\t\t\t<div class=\"elementor-column elementor-col-100 elementor-top-column elementor-element elementor-element-7be02c4c elementor-repeater-item-none elementor-repeater-item-none_hover\" data-id=\"7be02c4c\" data-element_type=\"column\">\n\t\t\t<div class=\"elementor-column-wrap elementor-element-populated\">\n\t\t\t\t\t\t\t<div class=\"elementor-widget-wrap\">\n\t\t\t\t\t\t<div class=\"elementor-element elementor-element-36ee81e0 elementor-repeater-item-none elementor-repeater-item-none_hover elementor-widget elementor-widget-text-editor\" data-id=\"36ee81e0\" data-element_type=\"widget\" data-widget_type=\"text-editor.default\">\n\t\t\t\t<div class=\"elementor-widget-container\">\n\t\t\t\t\t\t\t\t<div class=\"elementor-text-editor elementor-clearfix\">\n\t\t\t\t<p><!-- wp:paragraph --><\/p>\n<p>Desde a d\u00e9cada de 90, o m\u00eas de outubro abra\u00e7ou o rosa e virou sin\u00f4nimo de conscientiza\u00e7\u00e3o com rela\u00e7\u00e3o ao c\u00e2ncer de mama. Segundo o INCA (Instituo Nacional de C\u00e2ncer, a doen\u00e7a \u00e9 um dos tipos mais comuns em mulheres ao redor do mundo, o que faz com que seja necess\u00e1rio informar, desmistificar e visar a detec\u00e7\u00e3o precoce do diagn\u00f3stico.<\/p>\n<p><!-- \/wp:paragraph --><\/p>\n<p><!-- wp:paragraph --><\/p>\n<p>A contrata\u00e7\u00e3o de um bom plano de sa\u00fade para os funcion\u00e1rios, \u00e9 de extrema import\u00e2ncia na manuten\u00e7\u00e3o e cuidado que os mesmos tem no dia a dia.\u00a0Com uma cobertura com uma boa rede credenciada e bons laborat\u00f3rios,\u00a0o colaborador se sente incentivado a cuidar da sa\u00fade e buscar consultas m\u00e9dicas regularmente.<\/p>\n<p><!-- \/wp:paragraph --><\/p>\n<p><!-- wp:paragraph --><\/p>\n<p>Mesmo que seja em outro m\u00eas do ano, vale tamb\u00e9m ressaltar a import\u00e2ncia de manter o check-up em dia. Ao longo do ano, iniciativas internas podem relembrar os funcion\u00e1rios de marcarem seus exames.<\/p>\n<p><img loading=\"lazy\" decoding=\"async\" class=\"wp-image-3963 aligncenter\" src=\"https:\/\/oinsurance.com.br\/wp-content\/uploads\/2022\/10\/rosa22-300x300.jpg\" alt=\"\" width=\"343\" height=\"343\" srcset=\"https:\/\/oinsurance.com.br\/blog\/wp-content\/uploads\/2022\/10\/rosa22-300x300.jpg 300w, https:\/\/oinsurance.com.br\/blog\/wp-content\/uploads\/2022\/10\/rosa22-150x150.jpg 150w, https:\/\/oinsurance.com.br\/blog\/wp-content\/uploads\/2022\/10\/rosa22-768x768.jpg 768w, https:\/\/oinsurance.com.br\/blog\/wp-content\/uploads\/2022\/10\/rosa22.jpg 1000w\" sizes=\"(max-width: 343px) 100vw, 343px\" \/><\/p>\n<p><!-- \/wp:paragraph --><\/p>\n<p><!-- wp:heading --><\/p>\n<h2><strong>Quando o Outubro Rosa ganhou for\u00e7a no Brasil?<\/strong><\/h2>\n<p><!-- \/wp:heading --><\/p>\n<p><!-- wp:paragraph --><\/p>\n<p>Apesar da iniciativa do outubro rosa ter nascido em 1997, nos Estados Unidos, o movimento ganhou for\u00e7a no Brasil em 2002 e se espalhou ainda mais em 2008, quando o Cristo Redentor foi iluminado com a cor rosa. Mais de uma d\u00e9cada depois, a campanha para levar informa\u00e7\u00e3o sobre a doen\u00e7a segue firme e as empresas tem papel fundamental nessa causa.<\/p>\n<p><!-- \/wp:paragraph --><\/p>\n<p><!-- wp:heading --><\/p>\n<h2><strong>Qual a import\u00e2ncia da campanha?<\/strong><\/h2>\n<p><!-- \/wp:heading --><\/p>\n<p><!-- wp:paragraph --><\/p>\n<p>O c\u00e2ncer de mama \u00e9 o mais mortal entre as mulheres, pode tamb\u00e9m atingir os homens, mas descobrir a doen\u00e7a com anteced\u00eancia, faz com que a chance de cura seja superior a 90%. O ambiente de trabalho precisa refor\u00e7ar, seja com palestras, bate papo com profissionais da \u00e1rea e newsletter, a import\u00e2ncia do autoexame e tamb\u00e9m das visitas de rotina no m\u00e9dico.<\/p>\n<p><!-- \/wp:paragraph --><\/p>\n<p><!-- wp:paragraph --><\/p>\n<p>Uma inciativa interessante, \u00e9 aproximar o tema dos colaboradores e mostrar como \u00e9 simples e r\u00e1pido fazer um autoexame, por exemplo. Seja via comunica\u00e7\u00e3o interna ou levando profissionais e oncologistas at\u00e9 o ambiente empresarial, abrir esse di\u00e1logo e &#8216;traduzir&#8217; o assunto, ajuda e incentiva os funcion\u00e1rios a se cuidarem da forma correta.<\/p>\n<p><img loading=\"lazy\" decoding=\"async\" class=\" wp-image-2968 aligncenter\" src=\"https:\/\/oinsurance.com.br\/wp-content\/uploads\/2020\/08\/ANS-plano-de-saude-1-300x200.jpg\" alt=\"\" width=\"335\" height=\"223\" srcset=\"https:\/\/oinsurance.com.br\/blog\/wp-content\/uploads\/2020\/08\/ANS-plano-de-saude-1-300x200.jpg 300w, https:\/\/oinsurance.com.br\/blog\/wp-content\/uploads\/2020\/08\/ANS-plano-de-saude-1-1024x683.jpg 1024w, https:\/\/oinsurance.com.br\/blog\/wp-content\/uploads\/2020\/08\/ANS-plano-de-saude-1-768x513.jpg 768w, https:\/\/oinsurance.com.br\/blog\/wp-content\/uploads\/2020\/08\/ANS-plano-de-saude-1-1536x1025.jpg 1536w, https:\/\/oinsurance.com.br\/blog\/wp-content\/uploads\/2020\/08\/ANS-plano-de-saude-1-2048x1367.jpg 2048w\" sizes=\"(max-width: 335px) 100vw, 335px\" \/><\/p>\n<p><!-- \/wp:paragraph --><\/p>\n<p><!-- wp:heading --><\/p>\n<h2><strong>Quais os sintomas?<\/strong><\/h2>\n<p><!-- \/wp:heading --><\/p>\n<p><!-- wp:paragraph --><\/p>\n<p>Segundo o Hospital Oswaldo Cruz, alguns pontos podem ser levados em considera\u00e7\u00e3o, mas n\u00e3o s\u00e3o sintomas obrigat\u00f3rios, por isso \u00e9 necess\u00e1rio manter os exames em dia:<\/p>\n<p><!-- \/wp:paragraph --><\/p>\n<p><!-- wp:paragraph --><\/p>\n<p>\u2022 N\u00f3dulo na mama<br \/>\u2022 Incha\u00e7o em parte da mama semelhante \u00e0 casca de laranja.<br \/>\u2022 Irregularidades ou retra\u00e7\u00f5es na pele da mama.<br \/>\u2022 Dor ou invers\u00e3o do mamilo.<br \/>\u2022 Vermelhid\u00e3o e descama\u00e7\u00e3o do mamilo, ou na pele da mama.<br \/>\u2022 Sa\u00edda de secre\u00e7\u00e3o pelo mamilo, particularmente se for sanguinolenta ou transl\u00facida.<br \/>\u2022 N\u00f3dulo nas axilas.<\/p>\n<p><!-- \/wp:paragraph --><\/p>\n<p><!-- wp:heading --><\/p>\n<h2><strong>Quais s\u00e3o as causas do c\u00e2ncer de mama?<\/strong><\/h2>\n<p><!-- \/wp:heading --><\/p>\n<p><!-- wp:paragraph --><\/p>\n<p><strong>1) Fator heredit\u00e1rio: <\/strong>Hist\u00f3rico familiar interfere diretamente na possibilidade do c\u00e2ncer de mama. Quem tem hist\u00f3ria da doen\u00e7a na fam\u00edlia, fica mais propenso a desenvolver o diagn\u00f3stico<\/p>\n<p><!-- \/wp:paragraph --><\/p>\n<p><!-- wp:paragraph --><\/p>\n<p><strong>2) Bons h\u00e1bitos:<\/strong> Fumar e o alto consumo de bebida alco\u00f3lica podem aumentar o risco da doen\u00e7a.<\/p>\n<p><!-- \/wp:paragraph --><\/p>\n<p><!-- wp:paragraph --><\/p>\n<p><strong>3) Peso:<\/strong> O fato obesidade tamb\u00e9m pode contribuir para o c\u00e2ncer de mama. Por isso, controlar o peso e a pr\u00e1tica de atividades f\u00edsicas \u00e9 fundamental.<\/p>\n<p><!-- \/wp:paragraph --><\/p>\n<p><!-- wp:paragraph --><\/p>\n<p><strong>4) Idade: <\/strong>O c\u00e2ncer de mama \u00e9 mais comum em mulheres acima dos 50 anos e homens a partir dos 70<\/p>\n<p><!-- \/wp:paragraph --><\/p>\t\t\t\t\t<\/div>\n\t\t\t\t\t\t<\/div>\n\t\t\t\t<\/div>\n\t\t\t\t\t\t<\/div>\n\t\t\t\t\t<\/div>\n\t\t<\/div>\n\t\t\t\t\t\t\t\t<\/div>\n\t\t\t\t\t<\/div>\n\t\t<\/section>\n\t\t\t\t\t\t\t\t\t<\/div>\n\t\t\t<\/div>\n\t\t\t\t\t<\/div>\n\t\t","protected":false},"excerpt":{"rendered":"<p>Desde a d\u00e9cada de 90, o m\u00eas de outubro abra\u00e7ou o rosa e virou sin\u00f4nimo de conscientiza\u00e7\u00e3o com rela\u00e7\u00e3o ao c\u00e2ncer de mama. Segundo o INCA (Instituo Nacional de C\u00e2ncer, a doen\u00e7a \u00e9 um dos tipos mais comuns em mulheres ao redor do mundo, o que faz com que seja necess\u00e1rio informar, desmistificar e visar [&hellip;]<\/p>\n","protected":false},"author":4,"featured_media":3961,"comment_status":"open","ping_status":"closed","sticky":false,"template":"","format":"standard","meta":{"footnotes":""},"categories":[37,39],"tags":[86,84,85,69],"class_list":["post-3959","post","type-post","status-publish","format-standard","has-post-thumbnail","hentry","category-seguro-de-vida","category-seguro-saude","tag-cancer-de-mama","tag-outubro-rosa","tag-prevencao","tag-saude","wpbf-post"],"yoast_head":"<!-- This site is optimized with the Yoast SEO plugin v22.6 - https:\/\/yoast.com\/wordpress\/plugins\/seo\/ -->\r\n<title>Outubro Rosa: Como as empresas podem lidar com o assunto no ambiente corporativo? - \u00d4 Insurance<\/title>\r\n<meta name=\"description\" content=\"A contrata\u00e7\u00e3o de um bom plano de sa\u00fade para os funcion\u00e1rios \u00e9 de extrema import\u00e2ncia no cuidado para a preven\u00e7\u00e3o do c\u00e2ncer de mama.\" \/>\r\n<meta name=\"robots\" content=\"index, follow, max-snippet:-1, max-image-preview:large, max-video-preview:-1\" \/>\r\n<link rel=\"canonical\" href=\"https:\/\/oinsurance.com.br\/blog\/outubro-rosa-como-as-empresas-podem-lidar-com-o-assunto-no-ambiente-corporativo\/\" \/>\r\n<meta property=\"og:locale\" content=\"pt_BR\" \/>\r\n<meta property=\"og:type\" content=\"article\" \/>\r\n<meta property=\"og:title\" content=\"Outubro Rosa: Como as empresas podem lidar com o assunto no ambiente corporativo? - \u00d4 Insurance\" \/>\r\n<meta property=\"og:description\" content=\"A contrata\u00e7\u00e3o de um bom plano de sa\u00fade para os funcion\u00e1rios \u00e9 de extrema import\u00e2ncia no cuidado para a preven\u00e7\u00e3o do c\u00e2ncer de mama.\" \/>\r\n<meta property=\"og:url\" content=\"https:\/\/oinsurance.com.br\/blog\/outubro-rosa-como-as-empresas-podem-lidar-com-o-assunto-no-ambiente-corporativo\/\" \/>\r\n<meta property=\"og:site_name\" content=\"\u00d4 Insurance\" \/>\r\n<meta property=\"article:publisher\" content=\"https:\/\/www.facebook.com\/oinsurancegroup\/\" \/>\r\n<meta property=\"article:published_time\" content=\"2022-10-03T22:45:37+00:00\" \/>\r\n<meta property=\"article:modified_time\" content=\"2022-10-03T22:48:42+00:00\" \/>\r\n<meta property=\"og:image\" content=\"https:\/\/oinsurance.com.br\/blog\/wp-content\/uploads\/2022\/10\/rosa.jpg\" \/>\r\n\t<meta property=\"og:image:width\" content=\"993\" \/>\r\n\t<meta property=\"og:image:height\" content=\"364\" \/>\r\n\t<meta property=\"og:image:type\" content=\"image\/jpeg\" \/>\r\n<meta name=\"author\" content=\"Rafael Gesser\" \/>\r\n<meta name=\"twitter:card\" content=\"summary_large_image\" \/>\r\n<meta name=\"twitter:label1\" content=\"Escrito por\" \/>\n\t<meta name=\"twitter:data1\" content=\"Rafael Gesser\" \/>\n\t<meta name=\"twitter:label2\" content=\"Est. tempo de leitura\" \/>\n\t<meta name=\"twitter:data2\" content=\"4 minutos\" \/>\r\n<script type=\"application\/ld+json\" class=\"yoast-schema-graph\">{\"@context\":\"https:\/\/schema.org\",\"@graph\":[{\"@type\":\"Article\",\"@id\":\"https:\/\/oinsurance.com.br\/blog\/outubro-rosa-como-as-empresas-podem-lidar-com-o-assunto-no-ambiente-corporativo\/#article\",\"isPartOf\":{\"@id\":\"https:\/\/oinsurance.com.br\/blog\/outubro-rosa-como-as-empresas-podem-lidar-com-o-assunto-no-ambiente-corporativo\/\"},\"author\":{\"name\":\"Rafael Gesser\",\"@id\":\"https:\/\/blog.oinsurance.com.br\/#\/schema\/person\/bbbd7625295ecaf945a113b1caffc223\"},\"headline\":\"Outubro Rosa: Como as empresas podem lidar com o assunto no ambiente corporativo?\",\"datePublished\":\"2022-10-03T22:45:37+00:00\",\"dateModified\":\"2022-10-03T22:48:42+00:00\",\"mainEntityOfPage\":{\"@id\":\"https:\/\/oinsurance.com.br\/blog\/outubro-rosa-como-as-empresas-podem-lidar-com-o-assunto-no-ambiente-corporativo\/\"},\"wordCount\":577,\"commentCount\":0,\"publisher\":{\"@id\":\"https:\/\/blog.oinsurance.com.br\/#organization\"},\"image\":{\"@id\":\"https:\/\/oinsurance.com.br\/blog\/outubro-rosa-como-as-empresas-podem-lidar-com-o-assunto-no-ambiente-corporativo\/#primaryimage\"},\"thumbnailUrl\":\"https:\/\/oinsurance.com.br\/blog\/wp-content\/uploads\/2022\/10\/rosa.jpg\",\"keywords\":[\"C\u00e2ncer de mama\",\"Outubro Rosa\",\"Preven\u00e7\u00e3o\",\"sa\u00fade\"],\"articleSection\":[\"Seguro de vida\",\"Seguro sa\u00fade\"],\"inLanguage\":\"pt-BR\",\"potentialAction\":[{\"@type\":\"CommentAction\",\"name\":\"Comment\",\"target\":[\"https:\/\/oinsurance.com.br\/blog\/outubro-rosa-como-as-empresas-podem-lidar-com-o-assunto-no-ambiente-corporativo\/#respond\"]}]},{\"@type\":\"WebPage\",\"@id\":\"https:\/\/oinsurance.com.br\/blog\/outubro-rosa-como-as-empresas-podem-lidar-com-o-assunto-no-ambiente-corporativo\/\",\"url\":\"https:\/\/oinsurance.com.br\/blog\/outubro-rosa-como-as-empresas-podem-lidar-com-o-assunto-no-ambiente-corporativo\/\",\"name\":\"Outubro Rosa: Como as empresas podem lidar com o assunto no ambiente corporativo? - \u00d4 Insurance\",\"isPartOf\":{\"@id\":\"https:\/\/blog.oinsurance.com.br\/#website\"},\"primaryImageOfPage\":{\"@id\":\"https:\/\/oinsurance.com.br\/blog\/outubro-rosa-como-as-empresas-podem-lidar-com-o-assunto-no-ambiente-corporativo\/#primaryimage\"},\"image\":{\"@id\":\"https:\/\/oinsurance.com.br\/blog\/outubro-rosa-como-as-empresas-podem-lidar-com-o-assunto-no-ambiente-corporativo\/#primaryimage\"},\"thumbnailUrl\":\"https:\/\/oinsurance.com.br\/blog\/wp-content\/uploads\/2022\/10\/rosa.jpg\",\"datePublished\":\"2022-10-03T22:45:37+00:00\",\"dateModified\":\"2022-10-03T22:48:42+00:00\",\"description\":\"A contrata\u00e7\u00e3o de um bom plano de sa\u00fade para os funcion\u00e1rios \u00e9 de extrema import\u00e2ncia no cuidado para a preven\u00e7\u00e3o do c\u00e2ncer de mama.\",\"breadcrumb\":{\"@id\":\"https:\/\/oinsurance.com.br\/blog\/outubro-rosa-como-as-empresas-podem-lidar-com-o-assunto-no-ambiente-corporativo\/#breadcrumb\"},\"inLanguage\":\"pt-BR\",\"potentialAction\":[{\"@type\":\"ReadAction\",\"target\":[\"https:\/\/oinsurance.com.br\/blog\/outubro-rosa-como-as-empresas-podem-lidar-com-o-assunto-no-ambiente-corporativo\/\"]}]},{\"@type\":\"ImageObject\",\"inLanguage\":\"pt-BR\",\"@id\":\"https:\/\/oinsurance.com.br\/blog\/outubro-rosa-como-as-empresas-podem-lidar-com-o-assunto-no-ambiente-corporativo\/#primaryimage\",\"url\":\"https:\/\/oinsurance.com.br\/blog\/wp-content\/uploads\/2022\/10\/rosa.jpg\",\"contentUrl\":\"https:\/\/oinsurance.com.br\/blog\/wp-content\/uploads\/2022\/10\/rosa.jpg\",\"width\":993,\"height\":364},{\"@type\":\"BreadcrumbList\",\"@id\":\"https:\/\/oinsurance.com.br\/blog\/outubro-rosa-como-as-empresas-podem-lidar-com-o-assunto-no-ambiente-corporativo\/#breadcrumb\",\"itemListElement\":[{\"@type\":\"ListItem\",\"position\":1,\"name\":\"In\u00edcio\",\"item\":\"https:\/\/blog.oinsurance.com.br\/\"},{\"@type\":\"ListItem\",\"position\":2,\"name\":\"Outubro Rosa: Como as empresas podem lidar com o assunto no ambiente corporativo?\"}]},{\"@type\":\"WebSite\",\"@id\":\"https:\/\/blog.oinsurance.com.br\/#website\",\"url\":\"https:\/\/blog.oinsurance.com.br\/\",\"name\":\"\u00d4 Insurance\",\"description\":\"Seguros Pessoais e Empresariais\",\"publisher\":{\"@id\":\"https:\/\/blog.oinsurance.com.br\/#organization\"},\"potentialAction\":[{\"@type\":\"SearchAction\",\"target\":{\"@type\":\"EntryPoint\",\"urlTemplate\":\"https:\/\/blog.oinsurance.com.br\/?s={search_term_string}\"},\"query-input\":\"required name=search_term_string\"}],\"inLanguage\":\"pt-BR\"},{\"@type\":\"Organization\",\"@id\":\"https:\/\/blog.oinsurance.com.br\/#organization\",\"name\":\"\u00d4 Insurance\",\"url\":\"https:\/\/blog.oinsurance.com.br\/\",\"logo\":{\"@type\":\"ImageObject\",\"inLanguage\":\"pt-BR\",\"@id\":\"https:\/\/blog.oinsurance.com.br\/#\/schema\/logo\/image\/\",\"url\":\"https:\/\/i1.wp.com\/oinsurance.com.br\/wp-content\/uploads\/2019\/07\/slice1.png?fit=409%2C179&ssl=1\",\"contentUrl\":\"https:\/\/i1.wp.com\/oinsurance.com.br\/wp-content\/uploads\/2019\/07\/slice1.png?fit=409%2C179&ssl=1\",\"width\":409,\"height\":179,\"caption\":\"\u00d4 Insurance\"},\"image\":{\"@id\":\"https:\/\/blog.oinsurance.com.br\/#\/schema\/logo\/image\/\"},\"sameAs\":[\"https:\/\/www.facebook.com\/oinsurancegroup\/\",\"https:\/\/www.instagram.com\/oinsurance\/\",\"https:\/\/www.linkedin.com\/company\/oinsurance\/\"]},{\"@type\":\"Person\",\"@id\":\"https:\/\/blog.oinsurance.com.br\/#\/schema\/person\/bbbd7625295ecaf945a113b1caffc223\",\"name\":\"Rafael Gesser\",\"image\":{\"@type\":\"ImageObject\",\"inLanguage\":\"pt-BR\",\"@id\":\"https:\/\/blog.oinsurance.com.br\/#\/schema\/person\/image\/\",\"url\":\"https:\/\/secure.gravatar.com\/avatar\/9cae75a105f283c49e84546685680841?s=96&d=mm&r=g\",\"contentUrl\":\"https:\/\/secure.gravatar.com\/avatar\/9cae75a105f283c49e84546685680841?s=96&d=mm&r=g\",\"caption\":\"Rafael Gesser\"}}]}<\/script>\r\n<!-- \/ Yoast SEO plugin. -->","yoast_head_json":{"title":"Outubro Rosa: Como as empresas podem lidar com o assunto no ambiente corporativo? - \u00d4 Insurance","description":"A contrata\u00e7\u00e3o de um bom plano de sa\u00fade para os funcion\u00e1rios \u00e9 de extrema import\u00e2ncia no cuidado para a preven\u00e7\u00e3o do c\u00e2ncer de mama.","robots":{"index":"index","follow":"follow","max-snippet":"max-snippet:-1","max-image-preview":"max-image-preview:large","max-video-preview":"max-video-preview:-1"},"canonical":"https:\/\/oinsurance.com.br\/blog\/outubro-rosa-como-as-empresas-podem-lidar-com-o-assunto-no-ambiente-corporativo\/","og_locale":"pt_BR","og_type":"article","og_title":"Outubro Rosa: Como as empresas podem lidar com o assunto no ambiente corporativo? - \u00d4 Insurance","og_description":"A contrata\u00e7\u00e3o de um bom plano de sa\u00fade para os funcion\u00e1rios \u00e9 de extrema import\u00e2ncia no cuidado para a preven\u00e7\u00e3o do c\u00e2ncer de mama.","og_url":"https:\/\/oinsurance.com.br\/blog\/outubro-rosa-como-as-empresas-podem-lidar-com-o-assunto-no-ambiente-corporativo\/","og_site_name":"\u00d4 Insurance","article_publisher":"https:\/\/www.facebook.com\/oinsurancegroup\/","article_published_time":"2022-10-03T22:45:37+00:00","article_modified_time":"2022-10-03T22:48:42+00:00","og_image":[{"width":993,"height":364,"url":"https:\/\/oinsurance.com.br\/blog\/wp-content\/uploads\/2022\/10\/rosa.jpg","type":"image\/jpeg"}],"author":"Rafael Gesser","twitter_card":"summary_large_image","twitter_misc":{"Escrito por":"Rafael Gesser","Est. tempo de leitura":"4 minutos"},"schema":{"@context":"https:\/\/schema.org","@graph":[{"@type":"Article","@id":"https:\/\/oinsurance.com.br\/blog\/outubro-rosa-como-as-empresas-podem-lidar-com-o-assunto-no-ambiente-corporativo\/#article","isPartOf":{"@id":"https:\/\/oinsurance.com.br\/blog\/outubro-rosa-como-as-empresas-podem-lidar-com-o-assunto-no-ambiente-corporativo\/"},"author":{"name":"Rafael Gesser","@id":"https:\/\/blog.oinsurance.com.br\/#\/schema\/person\/bbbd7625295ecaf945a113b1caffc223"},"headline":"Outubro Rosa: Como as empresas podem lidar com o assunto no ambiente corporativo?","datePublished":"2022-10-03T22:45:37+00:00","dateModified":"2022-10-03T22:48:42+00:00","mainEntityOfPage":{"@id":"https:\/\/oinsurance.com.br\/blog\/outubro-rosa-como-as-empresas-podem-lidar-com-o-assunto-no-ambiente-corporativo\/"},"wordCount":577,"commentCount":0,"publisher":{"@id":"https:\/\/blog.oinsurance.com.br\/#organization"},"image":{"@id":"https:\/\/oinsurance.com.br\/blog\/outubro-rosa-como-as-empresas-podem-lidar-com-o-assunto-no-ambiente-corporativo\/#primaryimage"},"thumbnailUrl":"https:\/\/oinsurance.com.br\/blog\/wp-content\/uploads\/2022\/10\/rosa.jpg","keywords":["C\u00e2ncer de mama","Outubro Rosa","Preven\u00e7\u00e3o","sa\u00fade"],"articleSection":["Seguro de vida","Seguro sa\u00fade"],"inLanguage":"pt-BR","potentialAction":[{"@type":"CommentAction","name":"Comment","target":["https:\/\/oinsurance.com.br\/blog\/outubro-rosa-como-as-empresas-podem-lidar-com-o-assunto-no-ambiente-corporativo\/#respond"]}]},{"@type":"WebPage","@id":"https:\/\/oinsurance.com.br\/blog\/outubro-rosa-como-as-empresas-podem-lidar-com-o-assunto-no-ambiente-corporativo\/","url":"https:\/\/oinsurance.com.br\/blog\/outubro-rosa-como-as-empresas-podem-lidar-com-o-assunto-no-ambiente-corporativo\/","name":"Outubro Rosa: Como as empresas podem lidar com o assunto no ambiente corporativo? - \u00d4 Insurance","isPartOf":{"@id":"https:\/\/blog.oinsurance.com.br\/#website"},"primaryImageOfPage":{"@id":"https:\/\/oinsurance.com.br\/blog\/outubro-rosa-como-as-empresas-podem-lidar-com-o-assunto-no-ambiente-corporativo\/#primaryimage"},"image":{"@id":"https:\/\/oinsurance.com.br\/blog\/outubro-rosa-como-as-empresas-podem-lidar-com-o-assunto-no-ambiente-corporativo\/#primaryimage"},"thumbnailUrl":"https:\/\/oinsurance.com.br\/blog\/wp-content\/uploads\/2022\/10\/rosa.jpg","datePublished":"2022-10-03T22:45:37+00:00","dateModified":"2022-10-03T22:48:42+00:00","description":"A contrata\u00e7\u00e3o de um bom plano de sa\u00fade para os funcion\u00e1rios \u00e9 de extrema import\u00e2ncia no cuidado para a preven\u00e7\u00e3o do c\u00e2ncer de mama.","breadcrumb":{"@id":"https:\/\/oinsurance.com.br\/blog\/outubro-rosa-como-as-empresas-podem-lidar-com-o-assunto-no-ambiente-corporativo\/#breadcrumb"},"inLanguage":"pt-BR","potentialAction":[{"@type":"ReadAction","target":["https:\/\/oinsurance.com.br\/blog\/outubro-rosa-como-as-empresas-podem-lidar-com-o-assunto-no-ambiente-corporativo\/"]}]},{"@type":"ImageObject","inLanguage":"pt-BR","@id":"https:\/\/oinsurance.com.br\/blog\/outubro-rosa-como-as-empresas-podem-lidar-com-o-assunto-no-ambiente-corporativo\/#primaryimage","url":"https:\/\/oinsurance.com.br\/blog\/wp-content\/uploads\/2022\/10\/rosa.jpg","contentUrl":"https:\/\/oinsurance.com.br\/blog\/wp-content\/uploads\/2022\/10\/rosa.jpg","width":993,"height":364},{"@type":"BreadcrumbList","@id":"https:\/\/oinsurance.com.br\/blog\/outubro-rosa-como-as-empresas-podem-lidar-com-o-assunto-no-ambiente-corporativo\/#breadcrumb","itemListElement":[{"@type":"ListItem","position":1,"name":"In\u00edcio","item":"https:\/\/blog.oinsurance.com.br\/"},{"@type":"ListItem","position":2,"name":"Outubro Rosa: Como as empresas podem lidar com o assunto no ambiente corporativo?"}]},{"@type":"WebSite","@id":"https:\/\/blog.oinsurance.com.br\/#website","url":"https:\/\/blog.oinsurance.com.br\/","name":"\u00d4 Insurance","description":"Seguros Pessoais e Empresariais","publisher":{"@id":"https:\/\/blog.oinsurance.com.br\/#organization"},"potentialAction":[{"@type":"SearchAction","target":{"@type":"EntryPoint","urlTemplate":"https:\/\/blog.oinsurance.com.br\/?s={search_term_string}"},"query-input":"required name=search_term_string"}],"inLanguage":"pt-BR"},{"@type":"Organization","@id":"https:\/\/blog.oinsurance.com.br\/#organization","name":"\u00d4 Insurance","url":"https:\/\/blog.oinsurance.com.br\/","logo":{"@type":"ImageObject","inLanguage":"pt-BR","@id":"https:\/\/blog.oinsurance.com.br\/#\/schema\/logo\/image\/","url":"https:\/\/i1.wp.com\/oinsurance.com.br\/wp-content\/uploads\/2019\/07\/slice1.png?fit=409%2C179&ssl=1","contentUrl":"https:\/\/i1.wp.com\/oinsurance.com.br\/wp-content\/uploads\/2019\/07\/slice1.png?fit=409%2C179&ssl=1","width":409,"height":179,"caption":"\u00d4 Insurance"},"image":{"@id":"https:\/\/blog.oinsurance.com.br\/#\/schema\/logo\/image\/"},"sameAs":["https:\/\/www.facebook.com\/oinsurancegroup\/","https:\/\/www.instagram.com\/oinsurance\/","https:\/\/www.linkedin.com\/company\/oinsurance\/"]},{"@type":"Person","@id":"https:\/\/blog.oinsurance.com.br\/#\/schema\/person\/bbbd7625295ecaf945a113b1caffc223","name":"Rafael Gesser","image":{"@type":"ImageObject","inLanguage":"pt-BR","@id":"https:\/\/blog.oinsurance.com.br\/#\/schema\/person\/image\/","url":"https:\/\/secure.gravatar.com\/avatar\/9cae75a105f283c49e84546685680841?s=96&d=mm&r=g","contentUrl":"https:\/\/secure.gravatar.com\/avatar\/9cae75a105f283c49e84546685680841?s=96&d=mm&r=g","caption":"Rafael Gesser"}}]}},"_links":{"self":[{"href":"https:\/\/oinsurance.com.br\/blog\/wp-json\/wp\/v2\/posts\/3959"}],"collection":[{"href":"https:\/\/oinsurance.com.br\/blog\/wp-json\/wp\/v2\/posts"}],"about":[{"href":"https:\/\/oinsurance.com.br\/blog\/wp-json\/wp\/v2\/types\/post"}],"author":[{"embeddable":true,"href":"https:\/\/oinsurance.com.br\/blog\/wp-json\/wp\/v2\/users\/4"}],"replies":[{"embeddable":true,"href":"https:\/\/oinsurance.com.br\/blog\/wp-json\/wp\/v2\/comments?post=3959"}],"version-history":[{"count":6,"href":"https:\/\/oinsurance.com.br\/blog\/wp-json\/wp\/v2\/posts\/3959\/revisions"}],"predecessor-version":[{"id":3968,"href":"https:\/\/oinsurance.com.br\/blog\/wp-json\/wp\/v2\/posts\/3959\/revisions\/3968"}],"wp:featuredmedia":[{"embeddable":true,"href":"https:\/\/oinsurance.com.br\/blog\/wp-json\/wp\/v2\/media\/3961"}],"wp:attachment":[{"href":"https:\/\/oinsurance.com.br\/blog\/wp-json\/wp\/v2\/media?parent=3959"}],"wp:term":[{"taxonomy":"category","embeddable":true,"href":"https:\/\/oinsurance.com.br\/blog\/wp-json\/wp\/v2\/categories?post=3959"},{"taxonomy":"post_tag","embeddable":true,"href":"https:\/\/oinsurance.com.br\/blog\/wp-json\/wp\/v2\/tags?post=3959"}],"curies":[{"name":"wp","href":"https:\/\/api.w.org\/{rel}","templated":true}]}}